{"id":42698,"date":"2024-03-06T23:16:27","date_gmt":"2024-03-06T23:16:27","guid":{"rendered":"http:\/\/lahora.mx\/?p=42698"},"modified":"2024-03-06T23:16:28","modified_gmt":"2024-03-06T23:16:28","slug":"transportistas-toman-la-puebla-orizaba-por-repunte-de-asaltos","status":"publish","type":"post","link":"https:\/\/lahora.mx\/index.php\/2024\/03\/06\/transportistas-toman-la-puebla-orizaba-por-repunte-de-asaltos\/","title":{"rendered":"Transportistas toman la Puebla-Orizaba por repunte de asaltos"},"content":{"rendered":"\n<p>Con una marcha pac\u00edfica transportistas se manifestaron en la autopista Puebla-Orizaba a la altura de Acatzingo-Esperanza, para exigir a las autoridades correspondientes m\u00e1s seguridad en las carreteras que comunican al estado poblano con el estado de Veracruz, ya que constantemente sufren de asaltos.<\/p>\n\n\n\n<p>Con pancartas colocadas sobre los camiones y tr\u00e1ilers los transportistas avanzan lento con direcci\u00f3n a Palmar de Bravo asimismo realizaron un paro a la altura de Madero para exigir mayor seguridad esto ante el alza de robos y asaltos en esta v\u00eda de comunicaciones y transportes.<\/p>\n\n\n\n<p>Los trabajadores del transporte de carga pesada, indicaron que el objetivo de este movimiento es exigir a las autoridades de los tres niveles de gobierno, tanto Federal, Estatal y Municipal m\u00e1s seguridad.<\/p>\n\n\n\n<p>Asimismo, se\u00f1alaron que el tramo carretero Acatzingo-Esperanza de la autopista Puebla-Orizaba es el m\u00e1s peligroso para cruzar del estado poblano y al estado de Veracruz.<\/p>\n\n\n\n<p>Es importante se\u00f1alar que se recomienda tomar v\u00edas alternas para no tener atrasos en el desplazamiento a los destinos del sur del pa\u00eds, as\u00ed como a Oaxaca.<\/p>\n","protected":false},"excerpt":{"rendered":"<p>Con una marcha pac\u00edfica transportistas se manifestaron en la autopista Puebla-Orizaba a la altura de Acatzingo-Esperanza, para exigir a las autoridades correspondientes m\u00e1s seguridad en las carreteras que comunican al estado poblano con el estado de Veracruz, ya que constantemente sufren de asaltos. Con pancartas colocadas sobre los camiones y tr\u00e1ilers los transportistas avanzan lento [&hellip;]<\/p>\n","protected":false},"author":4,"featured_media":42699,"comment_status":"open","ping_status":"open","sticky":false,"template":"","format":"standard","meta":{"om_disable_all_campaigns":false,"_monsterinsights_skip_tracking":false,"_monsterinsights_sitenote_active":false,"_monsterinsights_sitenote_note":"","_monsterinsights_sitenote_category":0,"footnotes":""},"categories":[175],"tags":[195,223],"class_list":["post-42698","post","type-post","status-publish","format-standard","has-post-thumbnail","hentry","category-local","tag-principal","tag-puebla"],"amp_enabled":true,"_links":{"self":[{"href":"https:\/\/lahora.mx\/index.php\/wp-json\/wp\/v2\/posts\/42698","targetHints":{"allow":["GET"]}}],"collection":[{"href":"https:\/\/lahora.mx\/index.php\/wp-json\/wp\/v2\/posts"}],"about":[{"href":"https:\/\/lahora.mx\/index.php\/wp-json\/wp\/v2\/types\/post"}],"author":[{"embeddable":true,"href":"https:\/\/lahora.mx\/index.php\/wp-json\/wp\/v2\/users\/4"}],"replies":[{"embeddable":true,"href":"https:\/\/lahora.mx\/index.php\/wp-json\/wp\/v2\/comments?post=42698"}],"version-history":[{"count":1,"href":"https:\/\/lahora.mx\/index.php\/wp-json\/wp\/v2\/posts\/42698\/revisions"}],"predecessor-version":[{"id":42700,"href":"https:\/\/lahora.mx\/index.php\/wp-json\/wp\/v2\/posts\/42698\/revisions\/42700"}],"wp:featuredmedia":[{"embeddable":true,"href":"https:\/\/lahora.mx\/index.php\/wp-json\/wp\/v2\/media\/42699"}],"wp:attachment":[{"href":"https:\/\/lahora.mx\/index.php\/wp-json\/wp\/v2\/media?parent=42698"}],"wp:term":[{"taxonomy":"category","embeddable":true,"href":"https:\/\/lahora.mx\/index.php\/wp-json\/wp\/v2\/categories?post=42698"},{"taxonomy":"post_tag","embeddable":true,"href":"https:\/\/lahora.mx\/index.php\/wp-json\/wp\/v2\/tags?post=42698"}],"curies":[{"name":"wp","href":"https:\/\/api.w.org\/{rel}","templated":true}]}}