{"id":42688,"date":"2024-03-06T16:33:55","date_gmt":"2024-03-06T16:33:55","guid":{"rendered":"http:\/\/lahora.mx\/?p=42688"},"modified":"2024-03-06T16:33:56","modified_gmt":"2024-03-06T16:33:56","slug":"calidad-del-aire-en-puebla-no-es-satisfactoria-por-caida-de-ceniza","status":"publish","type":"post","link":"https:\/\/lahora.mx\/index.php\/2024\/03\/06\/calidad-del-aire-en-puebla-no-es-satisfactoria-por-caida-de-ceniza\/","title":{"rendered":"Calidad del aire en Puebla no es satisfactoria por ca\u00edda de ceniza"},"content":{"rendered":"\n<p>La ca\u00edda de ceniza del volc\u00e1n Popocat\u00e9petl provoc\u00f3 que la calidad del aire contin\u00fae en un estado no satisfactorio, por lo que se invita a la poblaci\u00f3n a reducir el uso de veh\u00edculos en Puebla.<\/p>\n\n\n\n<p>El gobernador Sergio Salom\u00f3n C\u00e9spedes Peregrina inform\u00f3 que de acuerdo con el monitoreo atmosf\u00e9rico el aire no est\u00e1 registrando un buen estado ante la constante actividad del coloso.<\/p>\n\n\n\n<p>\u00abDe acuerdo con las estaciones de monitoreo atmosf\u00e9rico, la calidad del aire no es satisfactoria debido a las emisiones del volc\u00e1n\u00bb, coment\u00f3.<\/p>\n\n\n\n<p>Entre las recomendaciones a la ciudadan\u00eda indic\u00f3 que la disminuci\u00f3n del uso de los autom\u00f3viles evitar\u00e1 que estos generen mayor contaminaci\u00f3n, ya que esto provocar\u00eda una contingencia ambiental.<\/p>\n\n\n\n<p>Tan s\u00f3lo este martes, la Secretar\u00eda de Medio Ambiente advirti\u00f3 que calidad del aire en la zona metropolitana de Puebla super\u00f3 los niveles de contaminaci\u00f3n establecidos en la Norma Oficial Mexicana (NOM).<\/p>\n\n\n\n<p>Mientras que desde el domingo pasado se analiz\u00f3 establecer el Hoy No Circula, ya que las condiciones en el aire no eran \u00f3ptimas.<\/p>\n\n\n\n<p>De acuerdo con reporte de actividad del volc\u00e1n Popocat\u00e9petl en las \u00faltimas 24 horas permanece el sem\u00e1foro Amarillo Fase 2, pero se exhorta a la poblaci\u00f3n a respetar el radio de 12 kil\u00f3metros alrededor del cr\u00e1ter.<\/p>\n\n\n\n<p>Asimismo, Protecci\u00f3n Civil Estatal inform\u00f3 que la ceniza podr\u00eda dirigirse hacia el noreste, aunque en 13 municipios se report\u00f3 ca\u00edda de este material.<\/p>\n\n\n\n<p>San Pedro Cholula<br>San Andr\u00e9s Cholula<br>Santa Isabel Cholula<br>Cuautlancingo<br>Amozoc<br>Puebla capital<br>Tochimilco<br>Atlixco<br>Juan C. Bonilla<br>Nopalucan<br>San Gregorio Atzompa<br>Rafael Lara Grajales<br>San Jos\u00e9 Chiapa<\/p>\n\n\n\n<p>Sin embargo, las condiciones del clima no afectaron las actividades en el Aeropuerto Internacional Hermanos Serd\u00e1n que mantendr\u00e1 sus operaciones de manera normal.<\/p>\n","protected":false},"excerpt":{"rendered":"<p>La ca\u00edda de ceniza del volc\u00e1n Popocat\u00e9petl provoc\u00f3 que la calidad del aire contin\u00fae en un estado no satisfactorio, por lo que se invita a la poblaci\u00f3n a reducir el uso de veh\u00edculos en Puebla. El gobernador Sergio Salom\u00f3n C\u00e9spedes Peregrina inform\u00f3 que de acuerdo con el monitoreo atmosf\u00e9rico el aire no est\u00e1 registrando un [&hellip;]<\/p>\n","protected":false},"author":4,"featured_media":42689,"comment_status":"open","ping_status":"open","sticky":false,"template":"","format":"standard","meta":{"om_disable_all_campaigns":false,"_monsterinsights_skip_tracking":false,"_monsterinsights_sitenote_active":false,"_monsterinsights_sitenote_note":"","_monsterinsights_sitenote_category":0,"footnotes":""},"categories":[175],"tags":[195,223],"class_list":["post-42688","post","type-post","status-publish","format-standard","has-post-thumbnail","hentry","category-local","tag-principal","tag-puebla"],"amp_enabled":true,"_links":{"self":[{"href":"https:\/\/lahora.mx\/index.php\/wp-json\/wp\/v2\/posts\/42688","targetHints":{"allow":["GET"]}}],"collection":[{"href":"https:\/\/lahora.mx\/index.php\/wp-json\/wp\/v2\/posts"}],"about":[{"href":"https:\/\/lahora.mx\/index.php\/wp-json\/wp\/v2\/types\/post"}],"author":[{"embeddable":true,"href":"https:\/\/lahora.mx\/index.php\/wp-json\/wp\/v2\/users\/4"}],"replies":[{"embeddable":true,"href":"https:\/\/lahora.mx\/index.php\/wp-json\/wp\/v2\/comments?post=42688"}],"version-history":[{"count":1,"href":"https:\/\/lahora.mx\/index.php\/wp-json\/wp\/v2\/posts\/42688\/revisions"}],"predecessor-version":[{"id":42690,"href":"https:\/\/lahora.mx\/index.php\/wp-json\/wp\/v2\/posts\/42688\/revisions\/42690"}],"wp:featuredmedia":[{"embeddable":true,"href":"https:\/\/lahora.mx\/index.php\/wp-json\/wp\/v2\/media\/42689"}],"wp:attachment":[{"href":"https:\/\/lahora.mx\/index.php\/wp-json\/wp\/v2\/media?parent=42688"}],"wp:term":[{"taxonomy":"category","embeddable":true,"href":"https:\/\/lahora.mx\/index.php\/wp-json\/wp\/v2\/categories?post=42688"},{"taxonomy":"post_tag","embeddable":true,"href":"https:\/\/lahora.mx\/index.php\/wp-json\/wp\/v2\/tags?post=42688"}],"curies":[{"name":"wp","href":"https:\/\/api.w.org\/{rel}","templated":true}]}}