{"id":42685,"date":"2024-03-06T16:31:56","date_gmt":"2024-03-06T16:31:56","guid":{"rendered":"http:\/\/lahora.mx\/?p=42685"},"modified":"2024-03-06T16:31:56","modified_gmt":"2024-03-06T16:31:56","slug":"nadia-navarro-sera-quien-coordine-la-campana-de-xochitl-galvez-en-puebla","status":"publish","type":"post","link":"https:\/\/lahora.mx\/index.php\/2024\/03\/06\/nadia-navarro-sera-quien-coordine-la-campana-de-xochitl-galvez-en-puebla\/","title":{"rendered":"Nadia Navarro ser\u00e1 quien coordine la campa\u00f1a de X\u00f3chitl G\u00e1lvez en Puebla"},"content":{"rendered":"\n<p>La senadora por el Partido Revolucionario Institucional (PRI), Nadia Navarro Acevedo, ser\u00e1 la coordinadora de campa\u00f1a en Puebla de la candidata presidencial por la alianza Fuerza y Coraz\u00f3n por M\u00e9xico, X\u00f3chitl G\u00e1lvez Ruiz.<\/p>\n\n\n\n<p>La candidata por el PAN, PRI y PRD dio a conocer los nombres de quienes estar\u00e1n al frente para llevar su campa\u00f1a en diferentes entidades del pa\u00eds y en donde destaca la participaci\u00f3n de la senadora y actual candidata a una diputaci\u00f3n federal por la v\u00eda plurinominal, Navarro Acevedo.<\/p>\n\n\n\n<p>El nombramiento se dio porque los perfiles poseen una amplia y reconocida trayectoria en materia pol\u00edtica, adem\u00e1s de experiencia en campa\u00f1as electorales.<\/p>\n\n\n\n<p>Tras la designaci\u00f3n, la vocera del candidato Eduardo Rivera P\u00e9rez a la gubernatura de Puebla por la alianza Mejor Rumbo Para Puebla agradeci\u00f3 la confianza y su visi\u00f3n para que sea la encargada de llevar sus propuestas a los diferentes municipios de la entidad poblana.<\/p>\n\n\n\n<p>Nadia Navarro ser\u00e1 coordinadora de campa\u00f1a de X\u00f3chitl G\u00e1lvez en Puebla<br>\u201cRecibo con much\u00edsima alegr\u00eda y responsabilidad el nombramiento como delegada de la campa\u00f1a poblana de nuestra muy admirada X\u00f3chitl, pr\u00f3xima Presidenta de la Rep\u00fablica\u201d, escribi\u00f3 en su cuenta de X.<\/p>\n\n\n\n<p>Es de mencionar que la senadora Nadia Navarro dej\u00f3 de pertenecer al grupo parlamentario del PAN y se sum\u00f3 al PRI, adem\u00e1s es fundadora del partido local Pacto Social de Integraci\u00f3n (PSI).<\/p>\n","protected":false},"excerpt":{"rendered":"<p>La senadora por el Partido Revolucionario Institucional (PRI), Nadia Navarro Acevedo, ser\u00e1 la coordinadora de campa\u00f1a en Puebla de la candidata presidencial por la alianza Fuerza y Coraz\u00f3n por M\u00e9xico, X\u00f3chitl G\u00e1lvez Ruiz. La candidata por el PAN, PRI y PRD dio a conocer los nombres de quienes estar\u00e1n al frente para llevar su campa\u00f1a [&hellip;]<\/p>\n","protected":false},"author":4,"featured_media":42686,"comment_status":"open","ping_status":"open","sticky":false,"template":"","format":"standard","meta":{"om_disable_all_campaigns":false,"_monsterinsights_skip_tracking":false,"_monsterinsights_sitenote_active":false,"_monsterinsights_sitenote_note":"","_monsterinsights_sitenote_category":0,"footnotes":""},"categories":[175],"tags":[223],"class_list":["post-42685","post","type-post","status-publish","format-standard","has-post-thumbnail","hentry","category-local","tag-puebla"],"amp_enabled":true,"_links":{"self":[{"href":"https:\/\/lahora.mx\/index.php\/wp-json\/wp\/v2\/posts\/42685","targetHints":{"allow":["GET"]}}],"collection":[{"href":"https:\/\/lahora.mx\/index.php\/wp-json\/wp\/v2\/posts"}],"about":[{"href":"https:\/\/lahora.mx\/index.php\/wp-json\/wp\/v2\/types\/post"}],"author":[{"embeddable":true,"href":"https:\/\/lahora.mx\/index.php\/wp-json\/wp\/v2\/users\/4"}],"replies":[{"embeddable":true,"href":"https:\/\/lahora.mx\/index.php\/wp-json\/wp\/v2\/comments?post=42685"}],"version-history":[{"count":1,"href":"https:\/\/lahora.mx\/index.php\/wp-json\/wp\/v2\/posts\/42685\/revisions"}],"predecessor-version":[{"id":42687,"href":"https:\/\/lahora.mx\/index.php\/wp-json\/wp\/v2\/posts\/42685\/revisions\/42687"}],"wp:featuredmedia":[{"embeddable":true,"href":"https:\/\/lahora.mx\/index.php\/wp-json\/wp\/v2\/media\/42686"}],"wp:attachment":[{"href":"https:\/\/lahora.mx\/index.php\/wp-json\/wp\/v2\/media?parent=42685"}],"wp:term":[{"taxonomy":"category","embeddable":true,"href":"https:\/\/lahora.mx\/index.php\/wp-json\/wp\/v2\/categories?post=42685"},{"taxonomy":"post_tag","embeddable":true,"href":"https:\/\/lahora.mx\/index.php\/wp-json\/wp\/v2\/tags?post=42685"}],"curies":[{"name":"wp","href":"https:\/\/api.w.org\/{rel}","templated":true}]}}