{"id":42682,"date":"2024-03-06T16:28:20","date_gmt":"2024-03-06T16:28:20","guid":{"rendered":"http:\/\/lahora.mx\/?p=42682"},"modified":"2024-03-06T16:28:41","modified_gmt":"2024-03-06T16:28:41","slug":"zavala-podria-salir-de-la-carcel-de-forma-inminente-gracias-a-un-amparo","status":"publish","type":"post","link":"https:\/\/lahora.mx\/index.php\/2024\/03\/06\/zavala-podria-salir-de-la-carcel-de-forma-inminente-gracias-a-un-amparo\/","title":{"rendered":"Zavala podr\u00eda salir de la c\u00e1rcel de forma inminente gracias a un amparo"},"content":{"rendered":"\n<p>El caso de la abogada activista Cecilia Monz\u00f3n sigue dando de qu\u00e9 hablar, pero no precisamente por algo bueno. Su hermana inform\u00f3 a trav\u00e9s de sus redes sociales que el feminicida de Cecilia, Javier L\u00f3pez Zavala, podr\u00eda obtener su libertad gracias a un amparo.<br>\u201cAcabo de recibir una llamada sobre el caso #CeciliaMonz\u00f3n, respecto a una resoluci\u00f3n de amparo (\u2026) en la medida en que vulnera mis derechos como v\u00edctima; y le da a Javier L\u00f3pez una oportunidad para intentar salir de prisi\u00f3n de forma casi inminente\u201d, escribi\u00f3 Helena Monz\u00f3n.<\/p>\n\n\n\n<p>Todav\u00eda nada est\u00e1 escrito, pues la hermana de la activista asesinada en 2022 dijo que brindar\u00eda mayores detalles de dicha resoluci\u00f3n de amparo en pr\u00f3ximas horas. Se espera que Helena ampl\u00ede m\u00e1s la situaci\u00f3n en la que se encuentra y la posible libertad pronta que podr\u00eda tener quien fuera el autor intelectual del feminicidio de Cecilia Monz\u00f3n.<\/p>\n\n\n\n<p>Cabe mencionar que, por este caso, todav\u00eda se exige justicia y el pr\u00f3ximo 8 de marzo se llevar\u00e1 a cabo una marcha en la que un contingente de mujeres pedir\u00e1 justicia por la abogada.<\/p>\n","protected":false},"excerpt":{"rendered":"<p>El caso de la abogada activista Cecilia Monz\u00f3n sigue dando de qu\u00e9 hablar, pero no precisamente por algo bueno. Su hermana inform\u00f3 a trav\u00e9s de sus redes sociales que el feminicida de Cecilia, Javier L\u00f3pez Zavala, podr\u00eda obtener su libertad gracias a un amparo.\u201cAcabo de recibir una llamada sobre el caso #CeciliaMonz\u00f3n, respecto a una [&hellip;]<\/p>\n","protected":false},"author":4,"featured_media":42683,"comment_status":"open","ping_status":"open","sticky":false,"template":"","format":"standard","meta":{"om_disable_all_campaigns":false,"_monsterinsights_skip_tracking":false,"_monsterinsights_sitenote_active":false,"_monsterinsights_sitenote_note":"","_monsterinsights_sitenote_category":0,"footnotes":""},"categories":[175],"tags":[195,223],"class_list":["post-42682","post","type-post","status-publish","format-standard","has-post-thumbnail","hentry","category-local","tag-principal","tag-puebla"],"amp_enabled":true,"_links":{"self":[{"href":"https:\/\/lahora.mx\/index.php\/wp-json\/wp\/v2\/posts\/42682","targetHints":{"allow":["GET"]}}],"collection":[{"href":"https:\/\/lahora.mx\/index.php\/wp-json\/wp\/v2\/posts"}],"about":[{"href":"https:\/\/lahora.mx\/index.php\/wp-json\/wp\/v2\/types\/post"}],"author":[{"embeddable":true,"href":"https:\/\/lahora.mx\/index.php\/wp-json\/wp\/v2\/users\/4"}],"replies":[{"embeddable":true,"href":"https:\/\/lahora.mx\/index.php\/wp-json\/wp\/v2\/comments?post=42682"}],"version-history":[{"count":1,"href":"https:\/\/lahora.mx\/index.php\/wp-json\/wp\/v2\/posts\/42682\/revisions"}],"predecessor-version":[{"id":42684,"href":"https:\/\/lahora.mx\/index.php\/wp-json\/wp\/v2\/posts\/42682\/revisions\/42684"}],"wp:featuredmedia":[{"embeddable":true,"href":"https:\/\/lahora.mx\/index.php\/wp-json\/wp\/v2\/media\/42683"}],"wp:attachment":[{"href":"https:\/\/lahora.mx\/index.php\/wp-json\/wp\/v2\/media?parent=42682"}],"wp:term":[{"taxonomy":"category","embeddable":true,"href":"https:\/\/lahora.mx\/index.php\/wp-json\/wp\/v2\/categories?post=42682"},{"taxonomy":"post_tag","embeddable":true,"href":"https:\/\/lahora.mx\/index.php\/wp-json\/wp\/v2\/tags?post=42682"}],"curies":[{"name":"wp","href":"https:\/\/api.w.org\/{rel}","templated":true}]}}