{"id":42679,"date":"2024-03-06T16:26:35","date_gmt":"2024-03-06T16:26:35","guid":{"rendered":"http:\/\/lahora.mx\/?p=42679"},"modified":"2024-03-06T16:26:35","modified_gmt":"2024-03-06T16:26:35","slug":"pan-elige-a-diputados-plurinominales-y-planilla-de-regidores-de-puebla","status":"publish","type":"post","link":"https:\/\/lahora.mx\/index.php\/2024\/03\/06\/pan-elige-a-diputados-plurinominales-y-planilla-de-regidores-de-puebla\/","title":{"rendered":"PAN elige a diputados plurinominales y planilla de regidores de Puebla"},"content":{"rendered":"\n<p>El Partido Acci\u00f3n Nacional (PAN) aprob\u00f3 a los candidatos que ir\u00e1n en la lista plurinominal al Congreso local de Puebla, adem\u00e1s de los primeros nombres que estar\u00e1n en la planilla de regidores del candidato por la coalici\u00f3n Mejor Rumbo para Puebla (PAN-PRI-PRD-PSI), Mario Riestra Pi\u00f1a.<\/p>\n\n\n\n<p>La noche del 5 de febrero, la Comisi\u00f3n Permanente Estatal del PAN convoc\u00f3 a sesi\u00f3n extraordinaria para avalar varios nombramientos.<\/p>\n\n\n\n<p>En la lista a una diputaci\u00f3n local por el principio de Representaci\u00f3n Proporcional destaca Celia Bonaga Ruiz, quien era la secretaria particular de Eduardo Rivera, adem\u00e1s de la regidora y la hermana del candidato a la alcald\u00eda de Puebla por el PAN, Susana Riestra Pi\u00f1a.<\/p>\n\n\n\n<p>Tambi\u00e9n est\u00e1 el actual coordinador de los diputados del PAN en el Congreso, Rafael Micalco M\u00e9ndez, la ex diputada Luana Amador Vallejo y el secretario general del CDE, Marcos Castro Mart\u00ednez.<\/p>\n\n\n\n<p>\u00bfQui\u00e9nes encabezan la lista de Regidores de Mario Riestra?<br>El Consejo tambi\u00e9n aprob\u00f3 la planilla de regidores de Mario Riestra, en donde figura la ex s\u00edndica del ayuntamiento, Guadalupe Arrubarrena Garc\u00eda.<\/p>\n\n\n\n<p>As\u00ed como a otros regidores que ir\u00e1n por la reelecci\u00f3n como Carlos Montiel Solana, Mar\u00eda Dolores Cervantes y Ricardo Horacio Grau.<\/p>\n\n\n\n<p>Es de mencionar que Montiel Solana se hab\u00eda registrado para encabezar una diputaci\u00f3n local por el distrito 17 con cabecera en la ciudad de Puebla, sin embargo, la Comisi\u00f3n Permanente decidi\u00f3 que el exdiputado Oswaldo Jim\u00e9nez sea el candidato.<\/p>\n","protected":false},"excerpt":{"rendered":"<p>El Partido Acci\u00f3n Nacional (PAN) aprob\u00f3 a los candidatos que ir\u00e1n en la lista plurinominal al Congreso local de Puebla, adem\u00e1s de los primeros nombres que estar\u00e1n en la planilla de regidores del candidato por la coalici\u00f3n Mejor Rumbo para Puebla (PAN-PRI-PRD-PSI), Mario Riestra Pi\u00f1a. La noche del 5 de febrero, la Comisi\u00f3n Permanente Estatal [&hellip;]<\/p>\n","protected":false},"author":4,"featured_media":42680,"comment_status":"open","ping_status":"open","sticky":false,"template":"","format":"standard","meta":{"om_disable_all_campaigns":false,"_monsterinsights_skip_tracking":false,"_monsterinsights_sitenote_active":false,"_monsterinsights_sitenote_note":"","_monsterinsights_sitenote_category":0,"footnotes":""},"categories":[175,5],"tags":[128,223],"class_list":["post-42679","post","type-post","status-publish","format-standard","has-post-thumbnail","hentry","category-local","category-politica","tag-politics","tag-puebla"],"amp_enabled":true,"_links":{"self":[{"href":"https:\/\/lahora.mx\/index.php\/wp-json\/wp\/v2\/posts\/42679","targetHints":{"allow":["GET"]}}],"collection":[{"href":"https:\/\/lahora.mx\/index.php\/wp-json\/wp\/v2\/posts"}],"about":[{"href":"https:\/\/lahora.mx\/index.php\/wp-json\/wp\/v2\/types\/post"}],"author":[{"embeddable":true,"href":"https:\/\/lahora.mx\/index.php\/wp-json\/wp\/v2\/users\/4"}],"replies":[{"embeddable":true,"href":"https:\/\/lahora.mx\/index.php\/wp-json\/wp\/v2\/comments?post=42679"}],"version-history":[{"count":1,"href":"https:\/\/lahora.mx\/index.php\/wp-json\/wp\/v2\/posts\/42679\/revisions"}],"predecessor-version":[{"id":42681,"href":"https:\/\/lahora.mx\/index.php\/wp-json\/wp\/v2\/posts\/42679\/revisions\/42681"}],"wp:featuredmedia":[{"embeddable":true,"href":"https:\/\/lahora.mx\/index.php\/wp-json\/wp\/v2\/media\/42680"}],"wp:attachment":[{"href":"https:\/\/lahora.mx\/index.php\/wp-json\/wp\/v2\/media?parent=42679"}],"wp:term":[{"taxonomy":"category","embeddable":true,"href":"https:\/\/lahora.mx\/index.php\/wp-json\/wp\/v2\/categories?post=42679"},{"taxonomy":"post_tag","embeddable":true,"href":"https:\/\/lahora.mx\/index.php\/wp-json\/wp\/v2\/tags?post=42679"}],"curies":[{"name":"wp","href":"https:\/\/api.w.org\/{rel}","templated":true}]}}