{"id":42663,"date":"2024-03-06T02:40:43","date_gmt":"2024-03-06T02:40:43","guid":{"rendered":"http:\/\/lahora.mx\/?p=42663"},"modified":"2024-03-06T02:40:43","modified_gmt":"2024-03-06T02:40:43","slug":"todos-los-candidatos-que-lo-soliciten-contaran-con-seguridad-durante-su-campana-mario-delgado","status":"publish","type":"post","link":"https:\/\/lahora.mx\/index.php\/2024\/03\/06\/todos-los-candidatos-que-lo-soliciten-contaran-con-seguridad-durante-su-campana-mario-delgado\/","title":{"rendered":"Todos los candidatos que lo soliciten contar\u00e1n con seguridad durante su campa\u00f1a: Mario Delgado"},"content":{"rendered":"\n<p>El presidente nacional de Morena, Mario Delgado, asegur\u00f3 que el gobierno federal atender\u00e1 la solicitud de cualquier candidato que se sienta amenazado para realizar su campa\u00f1a.<\/p>\n\n\n\n<p>En conferencia de prensa el dirigente nacional de Morena, Mario Delgado, manifest\u00f3 su respaldo a la estrategia que present\u00f3 la secretar\u00eda de Seguridad y Protecci\u00f3n Ciudadana, Rosa Icela Rodr\u00edguez, para la protecci\u00f3n de las y los candidatos en el proceso electoral de cara a las elecciones del pr\u00f3ximo 2 de junio.<\/p>\n\n\n\n<p>\u201cTodas y todos los candidatos que lo soliciten contar\u00e1n con protecci\u00f3n y seguridad para tener certeza de que podr\u00e1n efectuar sus campa\u00f1as con el acompa\u00f1amiento y lo pueden hacer con toda seguridad y tranquilidad\u201d, se\u00f1al\u00f3.<\/p>\n\n\n\n<p>Delgado Carrillo se\u00f1al\u00f3 que como partido no est\u00e1n facultados para garantizar la protecci\u00f3n de sus candidatos, sin embargo, el INE va recibir las propuestas de las solicitudes de protecci\u00f3n. El \u00f3rgano aut\u00f3nomo se encuentra en colaboraci\u00f3n con la Secretaria de Seguridad y Protecci\u00f3n Ciudadana para establecer la coordinaci\u00f3n con la Sedena o la Guardia Nacional y se vea la disponibilidad de servicio para que el INE informe a los partidos.<\/p>\n\n\n\n<p>\u201cQuien crea que necesita seguridad para el desempe\u00f1o de su campa\u00f1a electoral ah\u00ed est\u00e1 el gobierno de la Rep\u00fablica atendiendo esa solicitud\u201d, reforz\u00f3.<\/p>\n\n\n\n<p>Mario Delgado anunci\u00f3 que la candidata presidencial de Morena, PT, Verde Ecologista, Claudia Sheinbaum, acudir\u00e1 este viernes a Maravat\u00edo, Michoac\u00e1n, como parte de su gira de campa\u00f1a y record\u00f3 que en este municipio fueron asesinados los precandidatos a la alcald\u00eda por Morena, Miguel \u00c1ngel Reyes y del PAN, Armando P\u00e9rez Luna.<\/p>\n\n\n\n<p>CRITICA ESTRATEGIA DE SEGURIDAD DE X\u00d3CHITL<\/p>\n\n\n\n<p>El dirigente nacional de Morena, Mario Delgado, critic\u00f3 la propuesta de la candidata de la oposici\u00f3n X\u00f3chitl G\u00e1lvez, sobre la construcci\u00f3n de una mega c\u00e1rcel, la cual dijo, ser\u00e1 la mansi\u00f3n del ex secretario de Seguridad P\u00fablica.<\/p>\n","protected":false},"excerpt":{"rendered":"<p>El presidente nacional de Morena, Mario Delgado, asegur\u00f3 que el gobierno federal atender\u00e1 la solicitud de cualquier candidato que se sienta amenazado para realizar su campa\u00f1a. En conferencia de prensa el dirigente nacional de Morena, Mario Delgado, manifest\u00f3 su respaldo a la estrategia que present\u00f3 la secretar\u00eda de Seguridad y Protecci\u00f3n Ciudadana, Rosa Icela Rodr\u00edguez, [&hellip;]<\/p>\n","protected":false},"author":4,"featured_media":42664,"comment_status":"open","ping_status":"open","sticky":false,"template":"","format":"standard","meta":{"om_disable_all_campaigns":false,"_monsterinsights_skip_tracking":false,"_monsterinsights_sitenote_active":false,"_monsterinsights_sitenote_note":"","_monsterinsights_sitenote_category":0,"footnotes":""},"categories":[175],"tags":[223],"class_list":["post-42663","post","type-post","status-publish","format-standard","has-post-thumbnail","hentry","category-local","tag-puebla"],"amp_enabled":true,"_links":{"self":[{"href":"https:\/\/lahora.mx\/index.php\/wp-json\/wp\/v2\/posts\/42663","targetHints":{"allow":["GET"]}}],"collection":[{"href":"https:\/\/lahora.mx\/index.php\/wp-json\/wp\/v2\/posts"}],"about":[{"href":"https:\/\/lahora.mx\/index.php\/wp-json\/wp\/v2\/types\/post"}],"author":[{"embeddable":true,"href":"https:\/\/lahora.mx\/index.php\/wp-json\/wp\/v2\/users\/4"}],"replies":[{"embeddable":true,"href":"https:\/\/lahora.mx\/index.php\/wp-json\/wp\/v2\/comments?post=42663"}],"version-history":[{"count":1,"href":"https:\/\/lahora.mx\/index.php\/wp-json\/wp\/v2\/posts\/42663\/revisions"}],"predecessor-version":[{"id":42665,"href":"https:\/\/lahora.mx\/index.php\/wp-json\/wp\/v2\/posts\/42663\/revisions\/42665"}],"wp:featuredmedia":[{"embeddable":true,"href":"https:\/\/lahora.mx\/index.php\/wp-json\/wp\/v2\/media\/42664"}],"wp:attachment":[{"href":"https:\/\/lahora.mx\/index.php\/wp-json\/wp\/v2\/media?parent=42663"}],"wp:term":[{"taxonomy":"category","embeddable":true,"href":"https:\/\/lahora.mx\/index.php\/wp-json\/wp\/v2\/categories?post=42663"},{"taxonomy":"post_tag","embeddable":true,"href":"https:\/\/lahora.mx\/index.php\/wp-json\/wp\/v2\/tags?post=42663"}],"curies":[{"name":"wp","href":"https:\/\/api.w.org\/{rel}","templated":true}]}}