{"id":42660,"date":"2024-03-05T21:22:18","date_gmt":"2024-03-05T21:22:18","guid":{"rendered":"http:\/\/lahora.mx\/?p=42660"},"modified":"2024-03-05T21:22:18","modified_gmt":"2024-03-05T21:22:18","slug":"norma-angelica-sandoval-nueva-secretaria-de-medio-ambiente-en-puebla","status":"publish","type":"post","link":"https:\/\/lahora.mx\/index.php\/2024\/03\/05\/norma-angelica-sandoval-nueva-secretaria-de-medio-ambiente-en-puebla\/","title":{"rendered":"Norma Ang\u00e9lica Sandoval, nueva secretaria de Medio Ambiente en Puebla"},"content":{"rendered":"\n<p>Norma Ang\u00e9lica Sandoval G\u00f3mez fue designada como nueva titular de la Secretar\u00eda de Medio Ambiente del estado de Puebla.<\/p>\n\n\n\n<p>Lo anterior ante la renuncia de Beatriz Manrique Guevara, que dej\u00f3 el cargo el 29 de febrero para participar en el proceso electoral 2024.<\/p>\n\n\n\n<p>Informo que he designado a Norma Ang\u00e9lica Sandoval G\u00f3mez como nueva titular de @AmbienteGobPue. Bienvenida al equipo. pic.twitter.com\/JW5aPMU7cT \u2014 Sergio Salom\u00f3n (@SergioSalomonC) March 5, 2024<br>El gobernador Sergio Salom\u00f3n C\u00e9spedes Peregrina inform\u00f3 sobre la nueva titular que estar\u00e1 al frente de la dependencia estatal en lo que resta de la administraci\u00f3n y que estuvo ac\u00e9fala durante cinco d\u00edas.<\/p>\n\n\n\n<p>\u00abInformo que he designado a Norma Ang\u00e9lica Sandoval G\u00f3mez como nueva titular de @AmbienteGobPue. Bienvenida al equipo\u00bb, indic\u00f3 en la red social X.<\/p>\n\n\n\n<p>Sandoval G\u00f3mez tiene experiencia en el sector del medio ambiente, ya que se ha desempe\u00f1ado desde 1997 a la fecha en \u00e1reas de gobierno estatal y federal.<\/p>\n\n\n\n<p>Desde agosto de 2019 estuvo al frente de la subsecretaria para la Gesti\u00f3n del Territorio y Desarrollo Urbano en la administraci\u00f3n barbosista.<\/p>\n\n\n\n<p>Tambi\u00e9n era secretaria ejecutiva del Consejo Estatal de Ordenamiento Territorial y Desarrollo Urbano de Puebla.<\/p>\n\n\n\n<p>De 2015 a 2018 fue directora de Vinculaci\u00f3n Ciudadana en la Procuradur\u00eda Ambiental y del Ordenamiento Territorial de la Ciudad de M\u00e9xico.<\/p>\n\n\n\n<p>De 1997 a 2009 estuvo al frente de la Secretar\u00eda T\u00e9cnica de la Comisi\u00f3n de Preservaci\u00f3n del Medio Ambiente y Protecci\u00f3n Ecol\u00f3gica en la Asamblea Legislativa del Distrito Federal, ahora CDMX.<\/p>\n","protected":false},"excerpt":{"rendered":"<p>Norma Ang\u00e9lica Sandoval G\u00f3mez fue designada como nueva titular de la Secretar\u00eda de Medio Ambiente del estado de Puebla. Lo anterior ante la renuncia de Beatriz Manrique Guevara, que dej\u00f3 el cargo el 29 de febrero para participar en el proceso electoral 2024. Informo que he designado a Norma Ang\u00e9lica Sandoval G\u00f3mez como nueva titular [&hellip;]<\/p>\n","protected":false},"author":4,"featured_media":42661,"comment_status":"open","ping_status":"open","sticky":false,"template":"","format":"standard","meta":{"om_disable_all_campaigns":false,"_monsterinsights_skip_tracking":false,"_monsterinsights_sitenote_active":false,"_monsterinsights_sitenote_note":"","_monsterinsights_sitenote_category":0,"footnotes":""},"categories":[175],"tags":[],"class_list":["post-42660","post","type-post","status-publish","format-standard","has-post-thumbnail","hentry","category-local"],"amp_enabled":true,"_links":{"self":[{"href":"https:\/\/lahora.mx\/index.php\/wp-json\/wp\/v2\/posts\/42660","targetHints":{"allow":["GET"]}}],"collection":[{"href":"https:\/\/lahora.mx\/index.php\/wp-json\/wp\/v2\/posts"}],"about":[{"href":"https:\/\/lahora.mx\/index.php\/wp-json\/wp\/v2\/types\/post"}],"author":[{"embeddable":true,"href":"https:\/\/lahora.mx\/index.php\/wp-json\/wp\/v2\/users\/4"}],"replies":[{"embeddable":true,"href":"https:\/\/lahora.mx\/index.php\/wp-json\/wp\/v2\/comments?post=42660"}],"version-history":[{"count":1,"href":"https:\/\/lahora.mx\/index.php\/wp-json\/wp\/v2\/posts\/42660\/revisions"}],"predecessor-version":[{"id":42662,"href":"https:\/\/lahora.mx\/index.php\/wp-json\/wp\/v2\/posts\/42660\/revisions\/42662"}],"wp:featuredmedia":[{"embeddable":true,"href":"https:\/\/lahora.mx\/index.php\/wp-json\/wp\/v2\/media\/42661"}],"wp:attachment":[{"href":"https:\/\/lahora.mx\/index.php\/wp-json\/wp\/v2\/media?parent=42660"}],"wp:term":[{"taxonomy":"category","embeddable":true,"href":"https:\/\/lahora.mx\/index.php\/wp-json\/wp\/v2\/categories?post=42660"},{"taxonomy":"post_tag","embeddable":true,"href":"https:\/\/lahora.mx\/index.php\/wp-json\/wp\/v2\/tags?post=42660"}],"curies":[{"name":"wp","href":"https:\/\/api.w.org\/{rel}","templated":true}]}}