{"id":42657,"date":"2024-03-05T21:19:00","date_gmt":"2024-03-05T21:19:00","guid":{"rendered":"http:\/\/lahora.mx\/?p=42657"},"modified":"2024-03-05T21:19:00","modified_gmt":"2024-03-05T21:19:00","slug":"puebla-pudo-entrar-en-contingencia-ambiental","status":"publish","type":"post","link":"https:\/\/lahora.mx\/index.php\/2024\/03\/05\/puebla-pudo-entrar-en-contingencia-ambiental\/","title":{"rendered":"Puebla pudo entrar en contingencia ambiental\u00a0"},"content":{"rendered":"\n<p>Por la ca\u00edda de ceniza volc\u00e1nica en la zona metropolitana y la regi\u00f3n de Atlixco, la cual se queda suspendida en la atm\u00f3sfera, el gobierno de Puebla casi declara una \u00abcontingencia ambiental\u00bb en el estado para restringir la circulaci\u00f3n de veh\u00edculos y disminuir los niveles de contaminaci\u00f3n.<\/p>\n\n\n\n<p>Seg\u00fan dio a conocer el gobernador Sergio Salom\u00f3n C\u00e9spedes Peregrina, a trav\u00e9s de un video que difundi\u00f3 en sus redes sociales.<\/p>\n\n\n\n<p>En un minuto con 13 segundos, relat\u00f3 que desde el domingo pasado se registr\u00f3 una muy mala calidad del aire, ante el incremento de la actividad del volc\u00e1n Popocat\u00e9petl, motivo por lo que se analiz\u00f3 amanecer este martes con el \u00abHoy No Circula\u00bb.<\/p>\n\n\n\n<p>No obstante, coment\u00f3 que tras el \u00faltimo monitoreo se percataron que, a partir de las 10:00 de la noche del lunes, comenzaron a bajar los niveles de contaminaci\u00f3n en el aire, y ya para las 4:00 de la ma\u00f1ana de este martes, se rompi\u00f3 la racha de mala calidad del aire.<\/p>\n\n\n\n<p>\u00abAyer estuvimos a punto de declarar la contingencia en el estado de Puebla, nada que nos agrade, pero necesario. Una contingencia ambiental que nos hubiera llevado a implementar un Hoy No Circula\u00bb, expuso en su breve mensaje.<\/p>\n\n\n\n<p>En este sentido, el mandatario recalc\u00f3 que mientras siga cayendo ceniza, la poblaci\u00f3n debe seguir cuidando su salud.<\/p>\n\n\n\n<p>Y llam\u00f3 a seguir las recomendaciones de Protecci\u00f3n Civil y de la Secretar\u00eda de Salud estatal en cuanto al uso de cubrebocas, as\u00ed como abstenerse de realizar actividades al aire libre, y como precauci\u00f3n barrer y depositar la ceniza dentro de una bolsa, para evitar que llegue al drenaje.<\/p>\n\n\n\n<p>\u00abTratemos de cuidar ese aspecto, cuid\u00e9monos, es parte de nuestra salud y de lo que tenemos que vivir\u00bb, apunt\u00f3.<\/p>\n\n\n\n<p>Por su parte, la Coordinaci\u00f3n de Protecci\u00f3n Civil de Puebla precis\u00f3 que en las \u00faltimas 24 horas se dio la ca\u00edda de ceniza en Puebla capital, San Andr\u00e9s Cholula, Santa Isabel Cholula, San Pedro Cholula, Nealtican, Amozoc, Cuautlancingo y San Gregorio Atzompa.<\/p>\n\n\n\n<p>En tanto que el Aeropuerto Internacional Hermanos Serd\u00e1n, ubicado en Huejotzingo, logr\u00f3 renaudar y mantener sus operaciones.<\/p>\n","protected":false},"excerpt":{"rendered":"<p>Por la ca\u00edda de ceniza volc\u00e1nica en la zona metropolitana y la regi\u00f3n de Atlixco, la cual se queda suspendida en la atm\u00f3sfera, el gobierno de Puebla casi declara una \u00abcontingencia ambiental\u00bb en el estado para restringir la circulaci\u00f3n de veh\u00edculos y disminuir los niveles de contaminaci\u00f3n. Seg\u00fan dio a conocer el gobernador Sergio Salom\u00f3n [&hellip;]<\/p>\n","protected":false},"author":4,"featured_media":42658,"comment_status":"open","ping_status":"open","sticky":false,"template":"","format":"standard","meta":{"om_disable_all_campaigns":false,"_monsterinsights_skip_tracking":false,"_monsterinsights_sitenote_active":false,"_monsterinsights_sitenote_note":"","_monsterinsights_sitenote_category":0,"footnotes":""},"categories":[175],"tags":[195,223],"class_list":["post-42657","post","type-post","status-publish","format-standard","has-post-thumbnail","hentry","category-local","tag-principal","tag-puebla"],"amp_enabled":true,"_links":{"self":[{"href":"https:\/\/lahora.mx\/index.php\/wp-json\/wp\/v2\/posts\/42657","targetHints":{"allow":["GET"]}}],"collection":[{"href":"https:\/\/lahora.mx\/index.php\/wp-json\/wp\/v2\/posts"}],"about":[{"href":"https:\/\/lahora.mx\/index.php\/wp-json\/wp\/v2\/types\/post"}],"author":[{"embeddable":true,"href":"https:\/\/lahora.mx\/index.php\/wp-json\/wp\/v2\/users\/4"}],"replies":[{"embeddable":true,"href":"https:\/\/lahora.mx\/index.php\/wp-json\/wp\/v2\/comments?post=42657"}],"version-history":[{"count":1,"href":"https:\/\/lahora.mx\/index.php\/wp-json\/wp\/v2\/posts\/42657\/revisions"}],"predecessor-version":[{"id":42659,"href":"https:\/\/lahora.mx\/index.php\/wp-json\/wp\/v2\/posts\/42657\/revisions\/42659"}],"wp:featuredmedia":[{"embeddable":true,"href":"https:\/\/lahora.mx\/index.php\/wp-json\/wp\/v2\/media\/42658"}],"wp:attachment":[{"href":"https:\/\/lahora.mx\/index.php\/wp-json\/wp\/v2\/media?parent=42657"}],"wp:term":[{"taxonomy":"category","embeddable":true,"href":"https:\/\/lahora.mx\/index.php\/wp-json\/wp\/v2\/categories?post=42657"},{"taxonomy":"post_tag","embeddable":true,"href":"https:\/\/lahora.mx\/index.php\/wp-json\/wp\/v2\/tags?post=42657"}],"curies":[{"name":"wp","href":"https:\/\/api.w.org\/{rel}","templated":true}]}}