{"id":42651,"date":"2024-03-05T21:12:56","date_gmt":"2024-03-05T21:12:56","guid":{"rendered":"http:\/\/lahora.mx\/?p=42651"},"modified":"2024-03-05T21:12:57","modified_gmt":"2024-03-05T21:12:57","slug":"por-caida-de-ceniza-del-popocatepetl-activarian-hoy-no-circula-en-puebla","status":"publish","type":"post","link":"https:\/\/lahora.mx\/index.php\/2024\/03\/05\/por-caida-de-ceniza-del-popocatepetl-activarian-hoy-no-circula-en-puebla\/","title":{"rendered":"Por ca\u00edda de ceniza del Popocat\u00e9petl, activar\u00edan Hoy No Circula en Puebla"},"content":{"rendered":"\n<p>Ante la ca\u00edda de ceniza del volc\u00e1n Popocat\u00e9petl se podr\u00eda declarar contingencia ambiental en estado de Puebla, con lo que se implementar\u00eda el Hoy No Circula.<\/p>\n\n\n\n<p>Sin embargo, la calidad del aire mejor\u00f3 de tal forma que este martes no se reportan malas condiciones clim\u00e1ticas.<\/p>\n\n\n\n<p>El gobernador de Puebla, Sergio Salom\u00f3n C\u00e9spedes Peregrina, advirti\u00f3 que la contingencia ambiental logr\u00f3 suspenderse ante la mejora en el aire.<\/p>\n\n\n\n<p>Sin embargo, exhort\u00f3 a los poblanos continuar atentos de los reportes de las autoridades ya que sigue cayendo ceniza, por lo que recomend\u00f3 utilizar cubrebocas y evitar actividades al aire libre.<\/p>\n\n\n\n<p>Adem\u00e1s, llam\u00f3 a barrer la ceniza y colocarla en bolsas para evitar que llegue a los drenajes debido a que su contenido podr\u00eda afectar los ductos.<\/p>\n\n\n\n<p>\u00abEstuvimos por declarar contingencia ambiental (\u2026) pero a las 10 de la noche mejor\u00f3 el aire y a las 4 de la ma\u00f1ana se rompi\u00f3 y ya no tuvimos que declararlo hoy (martes 5 de marzo), sin embargo, la ca\u00edda de ceniza sigue siendo un factor que pone la mala calidad del aire en la zona metropolitana\u00bb, coment\u00f3 en redes sociales.<\/p>\n\n\n\n<p>Contin\u00faa ca\u00edda de ceniza, afecta a 8 municipios<\/p>\n\n\n\n<p>De acuerdo con la Coordinaci\u00f3n Estatal de Protecci\u00f3n Civil, en las \u00faltimas 24 horas se registr\u00f3 ca\u00edda de ceniza en ocho municipios:<\/p>\n\n\n\n<p>Puebla capital<br>San Andr\u00e9s Cholula<br>Santa Isabel Cholula<br>San Pedro Cholula<br>Nealtican<br>Amozoc<br>Cuautlancingo<br>San Gregorio Atzompa<br>No obstante, a pesar de la constante actividad del volc\u00e1n Popocat\u00e9petl, el sem\u00e1foro de alerta volc\u00e1nica se mantiene en Amarillo Fase 2.<\/p>\n\n\n\n<p>Respecto al Aeropuerto Internacional \u201cHermanos Serd\u00e1n\u201d inform\u00f3 que hasta el momento de redactar esta nota mantiene operaciones normales, luego de que en esta semana ha suspendido labores desde la ma\u00f1ana hasta el mediod\u00eda por la acumulaci\u00f3n de ceniza.<\/p>\n\n\n\n<p>El llamado es respetar el radio de restricci\u00f3n de 12 kil\u00f3metros alrededor del cr\u00e1ter del volc\u00e1n y seguir las recomendaciones de las autoridades que mantienen el monitoreo 24 horas al Popocat\u00e9petl.<\/p>\n","protected":false},"excerpt":{"rendered":"<p>Ante la ca\u00edda de ceniza del volc\u00e1n Popocat\u00e9petl se podr\u00eda declarar contingencia ambiental en estado de Puebla, con lo que se implementar\u00eda el Hoy No Circula. Sin embargo, la calidad del aire mejor\u00f3 de tal forma que este martes no se reportan malas condiciones clim\u00e1ticas. El gobernador de Puebla, Sergio Salom\u00f3n C\u00e9spedes Peregrina, advirti\u00f3 que [&hellip;]<\/p>\n","protected":false},"author":4,"featured_media":42652,"comment_status":"open","ping_status":"open","sticky":false,"template":"","format":"standard","meta":{"om_disable_all_campaigns":false,"_monsterinsights_skip_tracking":false,"_monsterinsights_sitenote_active":false,"_monsterinsights_sitenote_note":"","_monsterinsights_sitenote_category":0,"footnotes":""},"categories":[175],"tags":[223],"class_list":["post-42651","post","type-post","status-publish","format-standard","has-post-thumbnail","hentry","category-local","tag-puebla"],"amp_enabled":true,"_links":{"self":[{"href":"https:\/\/lahora.mx\/index.php\/wp-json\/wp\/v2\/posts\/42651","targetHints":{"allow":["GET"]}}],"collection":[{"href":"https:\/\/lahora.mx\/index.php\/wp-json\/wp\/v2\/posts"}],"about":[{"href":"https:\/\/lahora.mx\/index.php\/wp-json\/wp\/v2\/types\/post"}],"author":[{"embeddable":true,"href":"https:\/\/lahora.mx\/index.php\/wp-json\/wp\/v2\/users\/4"}],"replies":[{"embeddable":true,"href":"https:\/\/lahora.mx\/index.php\/wp-json\/wp\/v2\/comments?post=42651"}],"version-history":[{"count":1,"href":"https:\/\/lahora.mx\/index.php\/wp-json\/wp\/v2\/posts\/42651\/revisions"}],"predecessor-version":[{"id":42653,"href":"https:\/\/lahora.mx\/index.php\/wp-json\/wp\/v2\/posts\/42651\/revisions\/42653"}],"wp:featuredmedia":[{"embeddable":true,"href":"https:\/\/lahora.mx\/index.php\/wp-json\/wp\/v2\/media\/42652"}],"wp:attachment":[{"href":"https:\/\/lahora.mx\/index.php\/wp-json\/wp\/v2\/media?parent=42651"}],"wp:term":[{"taxonomy":"category","embeddable":true,"href":"https:\/\/lahora.mx\/index.php\/wp-json\/wp\/v2\/categories?post=42651"},{"taxonomy":"post_tag","embeddable":true,"href":"https:\/\/lahora.mx\/index.php\/wp-json\/wp\/v2\/tags?post=42651"}],"curies":[{"name":"wp","href":"https:\/\/api.w.org\/{rel}","templated":true}]}}