{"id":42645,"date":"2024-03-05T21:02:52","date_gmt":"2024-03-05T21:02:52","guid":{"rendered":"http:\/\/lahora.mx\/?p=42645"},"modified":"2024-03-05T21:02:53","modified_gmt":"2024-03-05T21:02:53","slug":"morayma-rubi-joven-la-nueva-titular-de-la-secretaria-de-desarrollo-rural","status":"publish","type":"post","link":"https:\/\/lahora.mx\/index.php\/2024\/03\/05\/morayma-rubi-joven-la-nueva-titular-de-la-secretaria-de-desarrollo-rural\/","title":{"rendered":"Morayma Rub\u00ed Joven la nueva titular de la Secretar\u00eda de Desarrollo Rural"},"content":{"rendered":"\n<p>Morayma Rub\u00ed Joven fue designada como nueva titular de la Secretar\u00eda de Desarrollo Rural del gobierno de Puebla, despu\u00e9s de la salida de Ana Laura Altamirano P\u00e9rez, quien present\u00f3 su renuncia el pasado 29 de febrero.<\/p>\n\n\n\n<p>El gobernador Sergio Salom\u00f3n C\u00e9spedes Peregrina anunci\u00f3 este martes 5 de marzo el segundo relevo en su gabinete, luego de las tres renuncias que se anunciaron la semana pasada.<\/p>\n\n\n\n<p>\u00abPara la Secretar\u00eda de Desarrollo Rural he nombrado a Morayma Rub\u00ed Joven como nueva titular. Bienvenida al equipo\u00bb, indic\u00f3 el mandatario.<\/p>\n\n\n\n<p>Rub\u00ed Joven fue encargada de despacho de la Comisi\u00f3n de Mejora Regulatoria de la Secretar\u00eda de Administraci\u00f3n en 2020.<\/p>\n\n\n\n<p>Previo al inicio de las campa\u00f1as electorales, el mandatario estatal anunci\u00f3 una serie de movimientos ante la posibilidad de que funcionarios pudieran participar en el proceso electoral del 2024.<\/p>\n\n\n\n<p>Hasta el momento, el gobernador ya ha anunciado a tres de los cuatro titulares nuevos, s\u00f3lo falta el nombramiento de quien encabezar\u00e1 la Secretar\u00eda del Trabajo luego de la salida de Gabriel Biestro Medinilla.<\/p>\n\n\n\n<p>En la Secretar\u00eda de Educaci\u00f3n, Isabel Merlo Talavera fue relevada por Jorge Estafan Chidiac, mientras que Beatriz Manrique Guevara, quien encabezaba la Secretar\u00eda de Medio Ambiente fue sustituida por Norma Ang\u00e9lica Sandoval G\u00f3mez.<\/p>\n","protected":false},"excerpt":{"rendered":"<p>Morayma Rub\u00ed Joven fue designada como nueva titular de la Secretar\u00eda de Desarrollo Rural del gobierno de Puebla, despu\u00e9s de la salida de Ana Laura Altamirano P\u00e9rez, quien present\u00f3 su renuncia el pasado 29 de febrero. El gobernador Sergio Salom\u00f3n C\u00e9spedes Peregrina anunci\u00f3 este martes 5 de marzo el segundo relevo en su gabinete, luego [&hellip;]<\/p>\n","protected":false},"author":4,"featured_media":42646,"comment_status":"open","ping_status":"open","sticky":false,"template":"","format":"standard","meta":{"om_disable_all_campaigns":false,"_monsterinsights_skip_tracking":false,"_monsterinsights_sitenote_active":false,"_monsterinsights_sitenote_note":"","_monsterinsights_sitenote_category":0,"footnotes":""},"categories":[175],"tags":[223],"class_list":["post-42645","post","type-post","status-publish","format-standard","has-post-thumbnail","hentry","category-local","tag-puebla"],"amp_enabled":true,"_links":{"self":[{"href":"https:\/\/lahora.mx\/index.php\/wp-json\/wp\/v2\/posts\/42645","targetHints":{"allow":["GET"]}}],"collection":[{"href":"https:\/\/lahora.mx\/index.php\/wp-json\/wp\/v2\/posts"}],"about":[{"href":"https:\/\/lahora.mx\/index.php\/wp-json\/wp\/v2\/types\/post"}],"author":[{"embeddable":true,"href":"https:\/\/lahora.mx\/index.php\/wp-json\/wp\/v2\/users\/4"}],"replies":[{"embeddable":true,"href":"https:\/\/lahora.mx\/index.php\/wp-json\/wp\/v2\/comments?post=42645"}],"version-history":[{"count":1,"href":"https:\/\/lahora.mx\/index.php\/wp-json\/wp\/v2\/posts\/42645\/revisions"}],"predecessor-version":[{"id":42647,"href":"https:\/\/lahora.mx\/index.php\/wp-json\/wp\/v2\/posts\/42645\/revisions\/42647"}],"wp:featuredmedia":[{"embeddable":true,"href":"https:\/\/lahora.mx\/index.php\/wp-json\/wp\/v2\/media\/42646"}],"wp:attachment":[{"href":"https:\/\/lahora.mx\/index.php\/wp-json\/wp\/v2\/media?parent=42645"}],"wp:term":[{"taxonomy":"category","embeddable":true,"href":"https:\/\/lahora.mx\/index.php\/wp-json\/wp\/v2\/categories?post=42645"},{"taxonomy":"post_tag","embeddable":true,"href":"https:\/\/lahora.mx\/index.php\/wp-json\/wp\/v2\/tags?post=42645"}],"curies":[{"name":"wp","href":"https:\/\/api.w.org\/{rel}","templated":true}]}}