{"id":42639,"date":"2024-03-05T20:21:39","date_gmt":"2024-03-05T20:21:39","guid":{"rendered":"http:\/\/lahora.mx\/?p=42639"},"modified":"2024-03-05T20:23:43","modified_gmt":"2024-03-05T20:23:43","slug":"amlo-reacciona-a-compromiso-propuesto-por-iglesia-catolica","status":"publish","type":"post","link":"https:\/\/lahora.mx\/index.php\/2024\/03\/05\/amlo-reacciona-a-compromiso-propuesto-por-iglesia-catolica\/","title":{"rendered":"AMLO reacciona a compromiso propuesto por iglesia Cat\u00f3lica"},"content":{"rendered":"\n<p>El presidente Andr\u00e9s Manuel L\u00f3pez Obrador reaccion\u00f3 al \u201ccompromiso por la paz\u201d propuesto por la iglesia Cat\u00f3lica, en el que se\u00f1alan la necesidad de que todos los mexicanos tengan la seguridad garantizada en medio del proceso electoral.<\/p>\n\n\n\n<p>Al ser cuestionado acerca del documento que la Conferencia del Episcopado Mexicana (CEM) solicit\u00f3 firmar a los candidatos a alg\u00fan cargo p\u00fablico en la contienda electoral 2024, el jefe del Ejecutivo afirm\u00f3 \u201cestar de acuerdo completamente\u201d.<\/p>\n\n\n\n<p>\u201cPor el bien de todos, primero la democracia, el pueblo. Lo otro, aunque no estoy de acuerdo en que vaya a haber retroceso democr\u00e1tico, respeto ese punto de vista; no estoy de acuerdo, pero lo respeto. Tienen todo el derecho de manifestarse\u201d, se\u00f1al\u00f3.<\/p>\n\n\n\n<p>En esa misma l\u00ednea, asegur\u00f3 que los mexicanos viven en un pa\u00eds libre, donde nadie est\u00e1 limitado en su derecho a expresarse, reunirse, manifestarse o asociarse.<\/p>\n\n\n\n<p>\u201cLlevamos muy buena relaci\u00f3n con la iglesia Cat\u00f3lica y con todas las iglesias y no vamos nosotros a polemizar porque tambi\u00e9n eso podr\u00eda ser una estrategia de los publicistas: a ver, la confrontaci\u00f3n. No, es amor y paz. Somos libres\u201d, a\u00f1adi\u00f3.<\/p>\n\n\n\n<p>L\u00f3pez Obrador reconoce problem\u00e1ticas mencionadas por la iglesia<br>La CEM se\u00f1al\u00f3 por medio de una carta, el pasado 3 de marzo, que M\u00e9xico necesita campa\u00f1as electorales limpias, legales y austeras, por lo que solicit\u00f3 a los aspirantes, locales, estatales y federales, tomar el tema seriamente y con responsabilidad.<\/p>\n\n\n\n<p>\u201cEs evidente que, desde hace tiempo, nuestros problemas son muchos en materia de seguridad, desigualdad social, crecimiento econ\u00f3mico, insuficiente empleo formal y digno, cobertura y calidad educativa y de salud, migraci\u00f3n, polarizaci\u00f3n social y otras problem\u00e1ticas\u201d, se lee en la misiva.<\/p>\n\n\n\n<p>Al respecto, L\u00f3pez Obrador reconoci\u00f3, el 5 de marzo, que el pa\u00eds s\u00ed padece dichas problem\u00e1ticas.<\/p>\n\n\n\n<p>\u201cTienen raz\u00f3n. No se puede, despu\u00e9s de siglos de opresi\u00f3n, de injusticias, de privilegios, de corrupci\u00f3n, no se puede de la noche a la ma\u00f1ana cambiar esa realidad. Estamos iniciando una etapa nueva en la vida p\u00fablica de M\u00e9xico\u201d, asegur\u00f3.<\/p>\n\n\n\n<p>Sheinbaum, G\u00e1lvez y M\u00e1ynez firmar\u00e1n \u201ccompromiso por la paz\u201d<\/p>\n\n\n\n<p>Durante una conferencia de prensa, la CEM confirm\u00f3 que los candidatos presidenciales Claudia Sheinbaum, X\u00f3chitl G\u00e1lvez y Jorge \u00c1lvarez M\u00e1ynez firmar\u00e1n el \u201ccompromiso por la paz\u201d el 11 de marzo.<\/p>\n\n\n\n<p>Seg\u00fan lo afirmado, la reuni\u00f3n se realizar\u00e1 en el Centro Cultural Tlatelolco e iniciar\u00e1 a las 9:00 horas; sin embargo, los aspirantes acudir\u00e1n en horarios distintos.<\/p>\n\n\n\n<p>El plan consiste en encontrarse por dos horas con cada candidato, con el objetivo de socializarles las recomendaciones en materia de seguridad.<\/p>\n","protected":false},"excerpt":{"rendered":"<p>El presidente Andr\u00e9s Manuel L\u00f3pez Obrador reaccion\u00f3 al \u201ccompromiso por la paz\u201d propuesto por la iglesia Cat\u00f3lica, en el que se\u00f1alan la necesidad de que todos los mexicanos tengan la seguridad garantizada en medio del proceso electoral. Al ser cuestionado acerca del documento que la Conferencia del Episcopado Mexicana (CEM) solicit\u00f3 firmar a los candidatos [&hellip;]<\/p>\n","protected":false},"author":4,"featured_media":42640,"comment_status":"open","ping_status":"open","sticky":false,"template":"","format":"standard","meta":{"om_disable_all_campaigns":false,"_monsterinsights_skip_tracking":false,"_monsterinsights_sitenote_active":false,"_monsterinsights_sitenote_note":"","_monsterinsights_sitenote_category":0,"footnotes":""},"categories":[176],"tags":[],"class_list":["post-42639","post","type-post","status-publish","format-standard","has-post-thumbnail","hentry","category-nacional"],"amp_enabled":true,"_links":{"self":[{"href":"https:\/\/lahora.mx\/index.php\/wp-json\/wp\/v2\/posts\/42639","targetHints":{"allow":["GET"]}}],"collection":[{"href":"https:\/\/lahora.mx\/index.php\/wp-json\/wp\/v2\/posts"}],"about":[{"href":"https:\/\/lahora.mx\/index.php\/wp-json\/wp\/v2\/types\/post"}],"author":[{"embeddable":true,"href":"https:\/\/lahora.mx\/index.php\/wp-json\/wp\/v2\/users\/4"}],"replies":[{"embeddable":true,"href":"https:\/\/lahora.mx\/index.php\/wp-json\/wp\/v2\/comments?post=42639"}],"version-history":[{"count":1,"href":"https:\/\/lahora.mx\/index.php\/wp-json\/wp\/v2\/posts\/42639\/revisions"}],"predecessor-version":[{"id":42641,"href":"https:\/\/lahora.mx\/index.php\/wp-json\/wp\/v2\/posts\/42639\/revisions\/42641"}],"wp:featuredmedia":[{"embeddable":true,"href":"https:\/\/lahora.mx\/index.php\/wp-json\/wp\/v2\/media\/42640"}],"wp:attachment":[{"href":"https:\/\/lahora.mx\/index.php\/wp-json\/wp\/v2\/media?parent=42639"}],"wp:term":[{"taxonomy":"category","embeddable":true,"href":"https:\/\/lahora.mx\/index.php\/wp-json\/wp\/v2\/categories?post=42639"},{"taxonomy":"post_tag","embeddable":true,"href":"https:\/\/lahora.mx\/index.php\/wp-json\/wp\/v2\/tags?post=42639"}],"curies":[{"name":"wp","href":"https:\/\/api.w.org\/{rel}","templated":true}]}}