{"id":42604,"date":"2024-03-05T04:50:04","date_gmt":"2024-03-05T04:50:04","guid":{"rendered":"http:\/\/lahora.mx\/?p=42604"},"modified":"2024-03-05T04:50:04","modified_gmt":"2024-03-05T04:50:04","slug":"ninos-abandonados-en-la-frontera-se-reencontraran-con-sus-padres-en-nueva-york","status":"publish","type":"post","link":"https:\/\/lahora.mx\/index.php\/2024\/03\/05\/ninos-abandonados-en-la-frontera-se-reencontraran-con-sus-padres-en-nueva-york\/","title":{"rendered":"Ni\u00f1os abandonados en la frontera se reencontrar\u00e1n con sus padres en Nueva York"},"content":{"rendered":"\n<p>Javier Aquino Lim\u00f3n, titular de la Gobernaci\u00f3n, inform\u00f3 que los menores abandonados por un \u201ccoyote\u201d en la frontera, se reencontrar\u00e1n con sus padres en Nueva York.<\/p>\n\n\n\n<p>Lo anterior luego del video viralizado en redes sociales, donde los tres peque\u00f1os poblanos mencionan que los abandonaron en la frontera con Arizona.<\/p>\n\n\n\n<p>Al respecto, el funcionario estatal se\u00f1al\u00f3 que desde temprana hora de este lunes se comunicaron con las autoridades del estado de Sonora.<\/p>\n\n\n\n<p>Esto con el objetivo de manifestar la disposici\u00f3n de colaborar y lograr el reencuentro con sus familiares.<\/p>\n\n\n\n<p>Al respecto, las autoridades de Sonora llevaron las investigaciones pertinentes y notificaron que los hermanos ya se encuentran en un albergue en Nueva York.<\/p>\n\n\n\n<p>A la espera de que su madre vaya por ellos y logren permanecer juntos en el extranjero.<\/p>\n\n\n\n<p>En este sentido, el gobierno de Puebla colabora permanente para la b\u00fasqueda de sus familiares en Puebla. Mismos que puedan brindar mayor informaci\u00f3n al respecto y de manera pronta.<\/p>\n\n\n\n<p>Los menores; Alan de nueve a\u00f1os, Yanis de tres a\u00f1os y Ashley de seis a\u00f1os, viajaron solos con la ilusi\u00f3n de volver a ver a sus padres.<\/p>\n\n\n\n<p>Sin embargo, un hombre de mala fe solo cobr\u00f3 el viaje y los dej\u00f3 a la deriva junto a otro grupo de personas.<\/p>\n\n\n\n<p>En su discurso, Alan denota la carga emocional que lleva, pues mencion\u00f3 que su mam\u00e1 le confi\u00f3 el cuidado de sus hermanas pero no se sent\u00eda lo suficientemente adulto para la responsabilidad.<\/p>\n","protected":false},"excerpt":{"rendered":"<p>Javier Aquino Lim\u00f3n, titular de la Gobernaci\u00f3n, inform\u00f3 que los menores abandonados por un \u201ccoyote\u201d en la frontera, se reencontrar\u00e1n con sus padres en Nueva York. Lo anterior luego del video viralizado en redes sociales, donde los tres peque\u00f1os poblanos mencionan que los abandonaron en la frontera con Arizona. Al respecto, el funcionario estatal se\u00f1al\u00f3 [&hellip;]<\/p>\n","protected":false},"author":4,"featured_media":42605,"comment_status":"open","ping_status":"open","sticky":false,"template":"","format":"standard","meta":{"om_disable_all_campaigns":false,"_monsterinsights_skip_tracking":false,"_monsterinsights_sitenote_active":false,"_monsterinsights_sitenote_note":"","_monsterinsights_sitenote_category":0,"footnotes":""},"categories":[176],"tags":[],"class_list":["post-42604","post","type-post","status-publish","format-standard","has-post-thumbnail","hentry","category-nacional"],"amp_enabled":true,"_links":{"self":[{"href":"https:\/\/lahora.mx\/index.php\/wp-json\/wp\/v2\/posts\/42604","targetHints":{"allow":["GET"]}}],"collection":[{"href":"https:\/\/lahora.mx\/index.php\/wp-json\/wp\/v2\/posts"}],"about":[{"href":"https:\/\/lahora.mx\/index.php\/wp-json\/wp\/v2\/types\/post"}],"author":[{"embeddable":true,"href":"https:\/\/lahora.mx\/index.php\/wp-json\/wp\/v2\/users\/4"}],"replies":[{"embeddable":true,"href":"https:\/\/lahora.mx\/index.php\/wp-json\/wp\/v2\/comments?post=42604"}],"version-history":[{"count":1,"href":"https:\/\/lahora.mx\/index.php\/wp-json\/wp\/v2\/posts\/42604\/revisions"}],"predecessor-version":[{"id":42606,"href":"https:\/\/lahora.mx\/index.php\/wp-json\/wp\/v2\/posts\/42604\/revisions\/42606"}],"wp:featuredmedia":[{"embeddable":true,"href":"https:\/\/lahora.mx\/index.php\/wp-json\/wp\/v2\/media\/42605"}],"wp:attachment":[{"href":"https:\/\/lahora.mx\/index.php\/wp-json\/wp\/v2\/media?parent=42604"}],"wp:term":[{"taxonomy":"category","embeddable":true,"href":"https:\/\/lahora.mx\/index.php\/wp-json\/wp\/v2\/categories?post=42604"},{"taxonomy":"post_tag","embeddable":true,"href":"https:\/\/lahora.mx\/index.php\/wp-json\/wp\/v2\/tags?post=42604"}],"curies":[{"name":"wp","href":"https:\/\/api.w.org\/{rel}","templated":true}]}}