{"id":42601,"date":"2024-03-05T04:43:05","date_gmt":"2024-03-05T04:43:05","guid":{"rendered":"http:\/\/lahora.mx\/?p=42601"},"modified":"2024-03-05T04:43:06","modified_gmt":"2024-03-05T04:43:06","slug":"ine-ordena-a-amlo-eliminar-conferencia-matutina-en-puebla","status":"publish","type":"post","link":"https:\/\/lahora.mx\/index.php\/2024\/03\/05\/ine-ordena-a-amlo-eliminar-conferencia-matutina-en-puebla\/","title":{"rendered":"INE ordena a AMLO eliminar conferencia matutina en Puebla"},"content":{"rendered":"\n<p>El presidente del pa\u00eds, Andr\u00e9s Manuel L\u00f3pez Obrador, deber\u00e1 eliminar o modificar, en un plazo no mayor a seis horas, las publicaciones de la conferencia matutina que ofreci\u00f3 en Puebla el pasado 19 de febrero, toda vez que su contenido podr\u00eda vulnerar la equidad en la contienda electoral de este a\u00f1o.<\/p>\n\n\n\n<p>Lo anterior determin\u00f3 el Instituto Nacional Electoral (INE) derivado de una denuncia presentada por el Partido Acci\u00f3n Nacional (PAN).<\/p>\n\n\n\n<p>A trav\u00e9s de un comunicado, el instituto explic\u00f3 que las expresiones de dicha conferencia realizada en el municipio de Oriental, en el que el presidente emiti\u00f3 comentarios en contra de los partidos de oposici\u00f3n, contienen manifestaciones que podr\u00edan vulnerar los principios de neutralidad, imparcialidad y equidad del Proceso Electoral Federal 2023-2024 al ser, preliminarmente, de \u00edndole electoral.<br><\/p>\n\n\n\n<p>\u201cEl Partido Acci\u00f3n Nacional (PAN), denunci\u00f3 al Titular del Ejecutivo Federal por el presunto uso indebido de recursos p\u00fablicos y violaci\u00f3n a los principios de neutralidad, imparcialidad y equidad en la contienda electoral, derivado de los pronunciamientos emitidos por el funcionario\u201d, explic\u00f3 el documento.<\/p>\n\n\n\n<p>De acuerdo con la fuerza partidista inconforme, la publicaci\u00f3n de esta conferencia podr\u00eda afectar la equidad en la contienda electoral que actualmente se desarrolla, sostuvo.<\/p>\n\n\n\n<p>En consecuencia y como una medida cautelar, el INE le orden\u00f3 que se abstenga bajo cualquier modalidad o formato, de realizar manifestaciones, emitir comentarios, opiniones o se\u00f1alamientos sobre temas electorales, ya sea de forma positiva o negativa, cuidando que su actuar se encuentre ajustado a los principios constitucionales de imparcialidad y neutralidad.<\/p>\n\n\n\n<p>Constitucional de Puebla, en consecuencia de la queja presentada por el mismo partido, se resolvi\u00f3 improcedente al tratarse de hechos futuros de realizaci\u00f3n incierta.<\/p>\n","protected":false},"excerpt":{"rendered":"<p>El presidente del pa\u00eds, Andr\u00e9s Manuel L\u00f3pez Obrador, deber\u00e1 eliminar o modificar, en un plazo no mayor a seis horas, las publicaciones de la conferencia matutina que ofreci\u00f3 en Puebla el pasado 19 de febrero, toda vez que su contenido podr\u00eda vulnerar la equidad en la contienda electoral de este a\u00f1o. Lo anterior determin\u00f3 el [&hellip;]<\/p>\n","protected":false},"author":4,"featured_media":42602,"comment_status":"open","ping_status":"open","sticky":false,"template":"","format":"standard","meta":{"om_disable_all_campaigns":false,"_monsterinsights_skip_tracking":false,"_monsterinsights_sitenote_active":false,"_monsterinsights_sitenote_note":"","_monsterinsights_sitenote_category":0,"footnotes":""},"categories":[176],"tags":[195],"class_list":["post-42601","post","type-post","status-publish","format-standard","has-post-thumbnail","hentry","category-nacional","tag-principal"],"amp_enabled":true,"_links":{"self":[{"href":"https:\/\/lahora.mx\/index.php\/wp-json\/wp\/v2\/posts\/42601","targetHints":{"allow":["GET"]}}],"collection":[{"href":"https:\/\/lahora.mx\/index.php\/wp-json\/wp\/v2\/posts"}],"about":[{"href":"https:\/\/lahora.mx\/index.php\/wp-json\/wp\/v2\/types\/post"}],"author":[{"embeddable":true,"href":"https:\/\/lahora.mx\/index.php\/wp-json\/wp\/v2\/users\/4"}],"replies":[{"embeddable":true,"href":"https:\/\/lahora.mx\/index.php\/wp-json\/wp\/v2\/comments?post=42601"}],"version-history":[{"count":1,"href":"https:\/\/lahora.mx\/index.php\/wp-json\/wp\/v2\/posts\/42601\/revisions"}],"predecessor-version":[{"id":42603,"href":"https:\/\/lahora.mx\/index.php\/wp-json\/wp\/v2\/posts\/42601\/revisions\/42603"}],"wp:featuredmedia":[{"embeddable":true,"href":"https:\/\/lahora.mx\/index.php\/wp-json\/wp\/v2\/media\/42602"}],"wp:attachment":[{"href":"https:\/\/lahora.mx\/index.php\/wp-json\/wp\/v2\/media?parent=42601"}],"wp:term":[{"taxonomy":"category","embeddable":true,"href":"https:\/\/lahora.mx\/index.php\/wp-json\/wp\/v2\/categories?post=42601"},{"taxonomy":"post_tag","embeddable":true,"href":"https:\/\/lahora.mx\/index.php\/wp-json\/wp\/v2\/tags?post=42601"}],"curies":[{"name":"wp","href":"https:\/\/api.w.org\/{rel}","templated":true}]}}