{"id":42468,"date":"2024-03-02T02:31:55","date_gmt":"2024-03-02T02:31:55","guid":{"rendered":"http:\/\/lahora.mx\/?p=42468"},"modified":"2024-03-02T02:31:56","modified_gmt":"2024-03-02T02:31:56","slug":"sheinbaum-arranca-campana-en-el-zocalo-de-la-cdmx","status":"publish","type":"post","link":"https:\/\/lahora.mx\/index.php\/2024\/03\/02\/sheinbaum-arranca-campana-en-el-zocalo-de-la-cdmx\/","title":{"rendered":"Sheinbaum arranca campa\u00f1a en el Z\u00f3calo de la CDMX"},"content":{"rendered":"\n<p>Claudia Sheinbaum Pardo, candidata a la presidencia por la coalici\u00f3n Morena, Partido del Trabajo (PT) y Partido Verde Ecologista de M\u00e9xico (PVME), inici\u00f3 su campa\u00f1a electoral este 1 de marzo en el Z\u00f3calo de la Ciudad de M\u00e9xico (CDMX), donde dio a conocer sus 100 compromisos de gobierno en caso de ganar los comicios del pr\u00f3ximo 2 de junio, frente a decenas de miles de personas que se dieron cita en el recinto.<\/p>\n\n\n\n<p>Sostuvo que continuar\u00e1 con el proyecto de naci\u00f3n que inici\u00f3 el actual presidente Andr\u00e9s Manuel L\u00f3pez Obrador (AMLO) con las reformas al Instituto Nacional Electoral (INE), as\u00ed como del Poder Judicial, y asegur\u00f3 que su administraci\u00f3n separar\u00e1 el poder pol\u00edtico del poder econ\u00f3mico, adem\u00e1s de que no se someter\u00e1 a las imposiciones de gobierno extranjeros.<\/p>\n\n\n\n<p>El evento, que comenz\u00f3 a conglomerar gente a partir del mediod\u00eda de este viernes, se difundi\u00f3 por diversos actores pol\u00edticos, entre ellas la misma Sheinbaum, que en redes comparti\u00f3 una serie de im\u00e1genes referentes al evento que marcar\u00e1 su comienzo en la competencia por la presidencia de la rep\u00fablica.<\/p>\n\n\n\n<p>Cerca de las 15:15 horas de este viernes, Webcams de M\u00e9xico, a trav\u00e9s de su cuenta de X, comparti\u00f3 una imagen panor\u00e1mica del Z\u00f3calo de la capital donde se observ\u00f3 un lleno casi completo de la plancha del lugar.<\/p>\n\n\n\n<p>Acusan entrega de efectivo a asistentes de evento de Sheinbaum<br>A partir del mediod\u00eda de este viernes varios miles de militantes y simpatizantes de Morena se dieron cita en la plancha del Z\u00f3calo capitalino para presenciar el inicio de campa\u00f1a de la candidata a la presidencia de la Rep\u00fablica por la coalici\u00f3n oficialista.<\/p>\n\n\n\n<p>En redes sociales los asistentes al evento provenientes de diversas partes del pa\u00eds subieron fotograf\u00edas y videos donde explicaron su llegada al punto de reuni\u00f3n.<\/p>\n\n\n\n<p>Sheinbaum arranca campa\u00f1a en el Z\u00f3calo de la CDMX y presenta 100 compromisos<\/p>\n\n\n\n<p>Otros m\u00e1s acusaron acarreo, entrega de efectivo a los asistentes y mala praxis por parte de los organizadores del evento. Denunciaron en X el uso de la imagen y voz del presidente AMLO hablando mal de la oposici\u00f3n para convocar a las personas, exigiendo al INE y al Tribunal Electoral del Poder Judicial de la Federaci\u00f3n atender el caso.<\/p>\n\n\n\n<p>Al momento de realizar esta nota la veracidad de los videos de los presuntos pagos no ha sido confirmada.<\/p>\n\n\n\n<p>Sheinbaum da a conocer los 100 compromisos de gobierno<\/p>\n\n\n\n<p>Fue Clara Brugada, candidata a Jefa de Gobierno de la CDMX, quien dio el discurso inicial del evento que inici\u00f3 a las 17:00 horas, cuando la candidata oficialista lleg\u00f3 a la plancha del Z\u00f3calo y camin\u00f3 en frente de las vallas que la separaban de los simpatizantes para saludarlos y firmar libros y posters con su rostro.<\/p>\n\n\n\n<p>Cuando Sheinbaum tom\u00f3 el micr\u00f3fono asegur\u00f3 que el proyecto que inici\u00f3 L\u00f3pez Obrador continuar\u00e1 bajo su gesti\u00f3n y pregunt\u00f3 a los cientos de miles de asistentes si deseaban que la Cuarta Transformaci\u00f3n continuara, recibiendo un s\u00ed rotundo.<\/p>\n\n\n\n<p>En su discurso record\u00f3 los logros de la administraci\u00f3n obradorista y del Humanismo Mexicano, destacando el aumento al salario m\u00ednimo, el crecimiento econ\u00f3mico, el super peso, la disminuci\u00f3n de la pobreza de acuerdo con las cifras oficiales y la reducci\u00f3n de la inseguridad. \u201c\u00bfVamos a permitir que regresen los privilegios y la corrupci\u00f3n?\u201d, se\u00f1al\u00f3.<\/p>\n\n\n\n<p>Durante su discurso comparti\u00f3 los 100 compromisos de gobierno que llevar\u00e1 a cabo en su gesti\u00f3n en caso de ganar la presidencia del pa\u00eds, destacando los siguientes:<\/p>\n\n\n\n<p>Separar el poder pol\u00edtico del econ\u00f3mico en el pa\u00eds; visitar continuamente los estados de la Rep\u00fablica; nunca ocupar la fuerza del estado para reprimir a los mexicanos; luchar por los derechos de los migrantes mexicanos; impulsar la reforma electoral y del Poder Judicial; as\u00ed como una iniciativa de reforma constitucional para no reelecci\u00f3n en ning\u00fan cargo popular.<\/p>\n\n\n\n<p>Igualmente asegur\u00f3 que no existir\u00e1 condonaci\u00f3n de impuestos a las grandes empresas y empresarios del pa\u00eds; que los programas sociales tendr\u00e1n un aumento paulatino no menor a la inflaci\u00f3n; fortalecer los programas educativos de la escuela mexicana y construir m\u00e1s escuelas preparatorias en el pa\u00eds; atender a 300 mil estudiantes m\u00e1s en las universidades Benito Ju\u00e1rez; creaci\u00f3n de un programa nacional de salud mental para adultos mayores, adolescentes e infantes.<\/p>\n","protected":false},"excerpt":{"rendered":"<p>Claudia Sheinbaum Pardo, candidata a la presidencia por la coalici\u00f3n Morena, Partido del Trabajo (PT) y Partido Verde Ecologista de M\u00e9xico (PVME), inici\u00f3 su campa\u00f1a electoral este 1 de marzo en el Z\u00f3calo de la Ciudad de M\u00e9xico (CDMX), donde dio a conocer sus 100 compromisos de gobierno en caso de ganar los comicios del [&hellip;]<\/p>\n","protected":false},"author":4,"featured_media":42469,"comment_status":"open","ping_status":"open","sticky":false,"template":"","format":"standard","meta":{"om_disable_all_campaigns":false,"_monsterinsights_skip_tracking":false,"_monsterinsights_sitenote_active":false,"_monsterinsights_sitenote_note":"","_monsterinsights_sitenote_category":0,"footnotes":""},"categories":[176],"tags":[128,195],"class_list":["post-42468","post","type-post","status-publish","format-standard","has-post-thumbnail","hentry","category-nacional","tag-politics","tag-principal"],"amp_enabled":true,"_links":{"self":[{"href":"https:\/\/lahora.mx\/index.php\/wp-json\/wp\/v2\/posts\/42468","targetHints":{"allow":["GET"]}}],"collection":[{"href":"https:\/\/lahora.mx\/index.php\/wp-json\/wp\/v2\/posts"}],"about":[{"href":"https:\/\/lahora.mx\/index.php\/wp-json\/wp\/v2\/types\/post"}],"author":[{"embeddable":true,"href":"https:\/\/lahora.mx\/index.php\/wp-json\/wp\/v2\/users\/4"}],"replies":[{"embeddable":true,"href":"https:\/\/lahora.mx\/index.php\/wp-json\/wp\/v2\/comments?post=42468"}],"version-history":[{"count":1,"href":"https:\/\/lahora.mx\/index.php\/wp-json\/wp\/v2\/posts\/42468\/revisions"}],"predecessor-version":[{"id":42470,"href":"https:\/\/lahora.mx\/index.php\/wp-json\/wp\/v2\/posts\/42468\/revisions\/42470"}],"wp:featuredmedia":[{"embeddable":true,"href":"https:\/\/lahora.mx\/index.php\/wp-json\/wp\/v2\/media\/42469"}],"wp:attachment":[{"href":"https:\/\/lahora.mx\/index.php\/wp-json\/wp\/v2\/media?parent=42468"}],"wp:term":[{"taxonomy":"category","embeddable":true,"href":"https:\/\/lahora.mx\/index.php\/wp-json\/wp\/v2\/categories?post=42468"},{"taxonomy":"post_tag","embeddable":true,"href":"https:\/\/lahora.mx\/index.php\/wp-json\/wp\/v2\/tags?post=42468"}],"curies":[{"name":"wp","href":"https:\/\/api.w.org\/{rel}","templated":true}]}}