{"id":42446,"date":"2024-03-02T00:31:56","date_gmt":"2024-03-02T00:31:56","guid":{"rendered":"http:\/\/lahora.mx\/?p=42446"},"modified":"2024-03-02T00:31:57","modified_gmt":"2024-03-02T00:31:57","slug":"mlb-pericos-de-puebla-continua-entrenamientos-para-su-debut","status":"publish","type":"post","link":"https:\/\/lahora.mx\/index.php\/2024\/03\/02\/mlb-pericos-de-puebla-continua-entrenamientos-para-su-debut\/","title":{"rendered":"MLB: Pericos de Puebla contin\u00faa entrenamientos para su debut"},"content":{"rendered":"\n<p>En punto de las 7:45 horas de este viernes, los Pericos de Puebla se dieron cita en el Estadio Hermanos Serd\u00e1n para continuar redoblando esfuerzos con las pr\u00e1cticas de esta semana y prepararse en lo que ser\u00e1 su debut en la Liga Mexicana de Beisbol (MLB, por sus siglas en ingl\u00e9s).<\/p>\n\n\n\n<p>A pesar de que la pr\u00f3xima semana se reportar\u00e1 el resto del plantel emplumado, en este d\u00eda reportaron los receptores, as\u00ed como los lanzadores, quienes tuvieron trabajos de bullpen corto, pr\u00e1ctica de tiro y bateo, adem\u00e1s de defensa individual para catchers y pitchers.<\/p>\n\n\n\n<p>Cabe destacar que, a diferencia de otros a\u00f1os, cuentan con una amplia variedad de elementos de ambos brazos (derechos y zurdos) para encarar su juego inaugural del beisbol mexicano ante los Diablos Rojos del M\u00e9xico que ser\u00e1 el pr\u00f3ximo 11 de abril.<\/p>\n\n\n\n<p>Entre los nombres que destacan en este rubro son Jorge Qui\u00f1onez, Jos\u00e9 Hern\u00e1ndez, el dominicano Jos\u00e9 Fern\u00e1ndez y Alejandro Carrillo, sin embargo, en lo que respecta a H\u00e9ctor Villalobos, quien el a\u00f1o pasado estuvo dentro de este sector, aspira un lugar en la rotaci\u00f3n.<br>Por otra parte, los liderados por el manager Sergio Omar Gast\u00e9lum tendr\u00e1n 15 partidos de preparaci\u00f3n antes de defender el campeonato obtenido el a\u00f1o pasado ante los Algodoneros de Uni\u00f3n Laguna, en los que se reparten en Baja Series y en el Torneo Interliga Primavera.<\/p>\n\n\n\n<p>Entre los juegos que enfrentar\u00e1 Pericos de Puebla en ambas competencias, destacan los tres juegos ante los Algodoneros de Uni\u00f3n Laguna en La Baja Series, duelos que se realizar\u00e1n del 29 al 31 de marzo, mientras que en la Interliga, la Novena Verde abrir\u00e1 ante la pandilla escarlata el 1 de abril.<\/p>\n","protected":false},"excerpt":{"rendered":"<p>En punto de las 7:45 horas de este viernes, los Pericos de Puebla se dieron cita en el Estadio Hermanos Serd\u00e1n para continuar redoblando esfuerzos con las pr\u00e1cticas de esta semana y prepararse en lo que ser\u00e1 su debut en la Liga Mexicana de Beisbol (MLB, por sus siglas en ingl\u00e9s). A pesar de que [&hellip;]<\/p>\n","protected":false},"author":4,"featured_media":42447,"comment_status":"open","ping_status":"open","sticky":false,"template":"","format":"standard","meta":{"om_disable_all_campaigns":false,"_monsterinsights_skip_tracking":false,"_monsterinsights_sitenote_active":false,"_monsterinsights_sitenote_note":"","_monsterinsights_sitenote_category":0,"footnotes":""},"categories":[3,175,6],"tags":[223,142],"class_list":["post-42446","post","type-post","status-publish","format-standard","has-post-thumbnail","hentry","category-entretenimiento","category-local","category-sports","tag-puebla","tag-sports"],"amp_enabled":true,"_links":{"self":[{"href":"https:\/\/lahora.mx\/index.php\/wp-json\/wp\/v2\/posts\/42446","targetHints":{"allow":["GET"]}}],"collection":[{"href":"https:\/\/lahora.mx\/index.php\/wp-json\/wp\/v2\/posts"}],"about":[{"href":"https:\/\/lahora.mx\/index.php\/wp-json\/wp\/v2\/types\/post"}],"author":[{"embeddable":true,"href":"https:\/\/lahora.mx\/index.php\/wp-json\/wp\/v2\/users\/4"}],"replies":[{"embeddable":true,"href":"https:\/\/lahora.mx\/index.php\/wp-json\/wp\/v2\/comments?post=42446"}],"version-history":[{"count":1,"href":"https:\/\/lahora.mx\/index.php\/wp-json\/wp\/v2\/posts\/42446\/revisions"}],"predecessor-version":[{"id":42448,"href":"https:\/\/lahora.mx\/index.php\/wp-json\/wp\/v2\/posts\/42446\/revisions\/42448"}],"wp:featuredmedia":[{"embeddable":true,"href":"https:\/\/lahora.mx\/index.php\/wp-json\/wp\/v2\/media\/42447"}],"wp:attachment":[{"href":"https:\/\/lahora.mx\/index.php\/wp-json\/wp\/v2\/media?parent=42446"}],"wp:term":[{"taxonomy":"category","embeddable":true,"href":"https:\/\/lahora.mx\/index.php\/wp-json\/wp\/v2\/categories?post=42446"},{"taxonomy":"post_tag","embeddable":true,"href":"https:\/\/lahora.mx\/index.php\/wp-json\/wp\/v2\/tags?post=42446"}],"curies":[{"name":"wp","href":"https:\/\/api.w.org\/{rel}","templated":true}]}}