{"id":42311,"date":"2024-02-29T01:40:50","date_gmt":"2024-02-29T01:40:50","guid":{"rendered":"http:\/\/lahora.mx\/?p=42311"},"modified":"2024-02-29T01:40:50","modified_gmt":"2024-02-29T01:40:50","slug":"estos-son-los-artistas-que-se-presentaran-en-el-teatro-del-pueblo-y-el-palenque-para-la-feria-de-puebla-2024","status":"publish","type":"post","link":"https:\/\/lahora.mx\/index.php\/2024\/02\/29\/estos-son-los-artistas-que-se-presentaran-en-el-teatro-del-pueblo-y-el-palenque-para-la-feria-de-puebla-2024\/","title":{"rendered":"Estos son los artistas que se presentar\u00e1n en el Teatro del Pueblo y el Palenque para la Feria de Puebla 2024"},"content":{"rendered":"\n<p>El gobierno del estado, en conjunto con la empresa RP Espect\u00e1culos, confirm\u00f3 las actividades de la Feria de Puebla 2024, que se har\u00e1 del 25 de abril al 14 de mayo en la zona hist\u00f3rica de Los Fuertes, revelando el cartel completo de los artistas se presentar\u00e1n en el Teatro del Pueblo y el Palenque.<\/p>\n\n\n\n<p>Fue el gobernador Sergio Salom\u00f3n C\u00e9spedes quien encabez\u00f3 la noticia, informando que el ticket general de entrada costar\u00e1 50 pesos, ni\u00f1os menores de 1 metro, terecera edad y personas con discapacidad podr\u00e1n ingresar de manera gratuita a las instalaciones.<\/p>\n\n\n\n<p>Te recomendamos: Feria de Puebla 2024: Alejandro Fern\u00e1ndez y Gloria Trevi, en la lista de conciertos<\/p>\n\n\n\n<p>Espect\u00e1culos sobre hielo, espect\u00e1culo circense, Teatro del Pueblo, Palenque, espect\u00e1culo de Lucha Libre, zona de juegos mec\u00e1nicos para ni\u00f1os, zona ganadera, Foro Cultural, Exposici\u00f3n comercial y pabellones, ser\u00e1n parte de lo que las personas podr\u00e1n encontrar dentro de las instalaciones de la festividad.<\/p>\n","protected":false},"excerpt":{"rendered":"<p>El gobierno del estado, en conjunto con la empresa RP Espect\u00e1culos, confirm\u00f3 las actividades de la Feria de Puebla 2024, que se har\u00e1 del 25 de abril al 14 de mayo en la zona hist\u00f3rica de Los Fuertes, revelando el cartel completo de los artistas se presentar\u00e1n en el Teatro del Pueblo y el Palenque. [&hellip;]<\/p>\n","protected":false},"author":4,"featured_media":42312,"comment_status":"open","ping_status":"open","sticky":false,"template":"","format":"standard","meta":{"om_disable_all_campaigns":false,"_monsterinsights_skip_tracking":false,"_monsterinsights_sitenote_active":false,"_monsterinsights_sitenote_note":"","_monsterinsights_sitenote_category":0,"footnotes":""},"categories":[175],"tags":[223],"class_list":["post-42311","post","type-post","status-publish","format-standard","has-post-thumbnail","hentry","category-local","tag-puebla"],"amp_enabled":true,"_links":{"self":[{"href":"https:\/\/lahora.mx\/index.php\/wp-json\/wp\/v2\/posts\/42311","targetHints":{"allow":["GET"]}}],"collection":[{"href":"https:\/\/lahora.mx\/index.php\/wp-json\/wp\/v2\/posts"}],"about":[{"href":"https:\/\/lahora.mx\/index.php\/wp-json\/wp\/v2\/types\/post"}],"author":[{"embeddable":true,"href":"https:\/\/lahora.mx\/index.php\/wp-json\/wp\/v2\/users\/4"}],"replies":[{"embeddable":true,"href":"https:\/\/lahora.mx\/index.php\/wp-json\/wp\/v2\/comments?post=42311"}],"version-history":[{"count":1,"href":"https:\/\/lahora.mx\/index.php\/wp-json\/wp\/v2\/posts\/42311\/revisions"}],"predecessor-version":[{"id":42313,"href":"https:\/\/lahora.mx\/index.php\/wp-json\/wp\/v2\/posts\/42311\/revisions\/42313"}],"wp:featuredmedia":[{"embeddable":true,"href":"https:\/\/lahora.mx\/index.php\/wp-json\/wp\/v2\/media\/42312"}],"wp:attachment":[{"href":"https:\/\/lahora.mx\/index.php\/wp-json\/wp\/v2\/media?parent=42311"}],"wp:term":[{"taxonomy":"category","embeddable":true,"href":"https:\/\/lahora.mx\/index.php\/wp-json\/wp\/v2\/categories?post=42311"},{"taxonomy":"post_tag","embeddable":true,"href":"https:\/\/lahora.mx\/index.php\/wp-json\/wp\/v2\/tags?post=42311"}],"curies":[{"name":"wp","href":"https:\/\/api.w.org\/{rel}","templated":true}]}}