{"id":42246,"date":"2024-02-28T17:06:38","date_gmt":"2024-02-28T17:06:38","guid":{"rendered":"http:\/\/lahora.mx\/?p=42246"},"modified":"2024-02-28T17:06:38","modified_gmt":"2024-02-28T17:06:38","slug":"tres-muertos-y-cinco-heridos-saldo-de-una-volcadura-en-la-sierra-negra","status":"publish","type":"post","link":"https:\/\/lahora.mx\/index.php\/2024\/02\/28\/tres-muertos-y-cinco-heridos-saldo-de-una-volcadura-en-la-sierra-negra\/","title":{"rendered":"Tres muertos y cinco heridos, saldo de una volcadura en la Sierra Negra"},"content":{"rendered":"\n<p>El mediod\u00eda del martes, una camioneta qued\u00f3 volcada, llevaba trabajadores que cada temporada acuden al corte de ca\u00f1a en Veracruz; el hecho dej\u00f3 tres muertos y cinco heridos de gravedad, todos son originarios de Tepepa, perteneciente al municipio de San Miguel Eloxochitl\u00e1n, municipio ubicado en la Sierra Negra.<\/p>\n\n\n\n<p>La unidad con trabajadores, proveniente de San Miguel Eloxochitl\u00e1n, se dirig\u00eda a Tezonapa, en el estado de Veracruz; sin embargo, al llegar al tramo Huixtla-Atexcatitla, a la altura del municipio de Vicente Guerrero, que corresponde al estado de Puebla, termin\u00f3 volcada.<\/p>\n\n\n\n<p>Trascendi\u00f3 que la camioneta marca Chevrolet Pickup S10 color vino, de modelo atrasado, con batea y placas de circulaci\u00f3n XU22945 proveniente de la localidad de Tepepa, conduc\u00eda con exceso de velocidad, por lo que el conductor perdi\u00f3 control y choc\u00f3 contra el cerro, lo que provoc\u00f3 que volcara.<\/p>\n\n\n\n<p>En el lugar, tres hombres murieron mientras que cinco m\u00e1s resultaron gravemente heridos, mismos que fueron trasladados al Hospital del IMSS Bienestar de la cabecera municipal de Zongolica, Veracruz.<br>Es importante mencionar que el conductor y su acompa\u00f1ante se dieron a la fuga; al sitio arribaron elementos de la Polic\u00eda Municipal, Estatal y Fiscal\u00eda de Zongolica, mientras que los cuerpos quedaron a resguardo de Semefo municipal de Zongolica.<\/p>\n","protected":false},"excerpt":{"rendered":"<p>El mediod\u00eda del martes, una camioneta qued\u00f3 volcada, llevaba trabajadores que cada temporada acuden al corte de ca\u00f1a en Veracruz; el hecho dej\u00f3 tres muertos y cinco heridos de gravedad, todos son originarios de Tepepa, perteneciente al municipio de San Miguel Eloxochitl\u00e1n, municipio ubicado en la Sierra Negra. La unidad con trabajadores, proveniente de San [&hellip;]<\/p>\n","protected":false},"author":4,"featured_media":42247,"comment_status":"open","ping_status":"open","sticky":false,"template":"","format":"standard","meta":{"om_disable_all_campaigns":false,"_monsterinsights_skip_tracking":false,"_monsterinsights_sitenote_active":false,"_monsterinsights_sitenote_note":"","_monsterinsights_sitenote_category":0,"footnotes":""},"categories":[175],"tags":[223],"class_list":["post-42246","post","type-post","status-publish","format-standard","has-post-thumbnail","hentry","category-local","tag-puebla"],"amp_enabled":true,"_links":{"self":[{"href":"https:\/\/lahora.mx\/index.php\/wp-json\/wp\/v2\/posts\/42246","targetHints":{"allow":["GET"]}}],"collection":[{"href":"https:\/\/lahora.mx\/index.php\/wp-json\/wp\/v2\/posts"}],"about":[{"href":"https:\/\/lahora.mx\/index.php\/wp-json\/wp\/v2\/types\/post"}],"author":[{"embeddable":true,"href":"https:\/\/lahora.mx\/index.php\/wp-json\/wp\/v2\/users\/4"}],"replies":[{"embeddable":true,"href":"https:\/\/lahora.mx\/index.php\/wp-json\/wp\/v2\/comments?post=42246"}],"version-history":[{"count":1,"href":"https:\/\/lahora.mx\/index.php\/wp-json\/wp\/v2\/posts\/42246\/revisions"}],"predecessor-version":[{"id":42248,"href":"https:\/\/lahora.mx\/index.php\/wp-json\/wp\/v2\/posts\/42246\/revisions\/42248"}],"wp:featuredmedia":[{"embeddable":true,"href":"https:\/\/lahora.mx\/index.php\/wp-json\/wp\/v2\/media\/42247"}],"wp:attachment":[{"href":"https:\/\/lahora.mx\/index.php\/wp-json\/wp\/v2\/media?parent=42246"}],"wp:term":[{"taxonomy":"category","embeddable":true,"href":"https:\/\/lahora.mx\/index.php\/wp-json\/wp\/v2\/categories?post=42246"},{"taxonomy":"post_tag","embeddable":true,"href":"https:\/\/lahora.mx\/index.php\/wp-json\/wp\/v2\/tags?post=42246"}],"curies":[{"name":"wp","href":"https:\/\/api.w.org\/{rel}","templated":true}]}}