{"id":42243,"date":"2024-02-28T17:04:40","date_gmt":"2024-02-28T17:04:40","guid":{"rendered":"http:\/\/lahora.mx\/?p=42243"},"modified":"2024-02-28T17:04:40","modified_gmt":"2024-02-28T17:04:40","slug":"asaltan-a-pasajeros-del-transporte-publico-en-puebla","status":"publish","type":"post","link":"https:\/\/lahora.mx\/index.php\/2024\/02\/28\/asaltan-a-pasajeros-del-transporte-publico-en-puebla\/","title":{"rendered":"Asaltan a pasajeros del transporte p\u00fablico en Puebla"},"content":{"rendered":"\n<p>En video fue captado el instante en el que dos sujetos armados asaltaron a pasajeros de una combi en la Avenida Ju\u00e1rez en la ciudad de Puebla el d\u00eda martes 27 de febrero a las 8:42 horas, en el cruce con la Calle 15 Sur.<\/p>\n\n\n\n<p>Sin importar que la unidad del transporte p\u00fablico fuera llena y que la mayor\u00eda de los usuarios eran mujeres, los delincuentes de alrededor de 40 a\u00f1os de edad subieron a la colectiva.<\/p>\n\n\n\n<p>Uno de los hampones que llevaba gorra blanca, sudadera roja con franjas blancas en los brazos, y mochila negra, se fue a la parte de atr\u00e1s de la unidad para sacar su arma de fuego y amenazar a los usuarios, a quienes les exigi\u00f3 sus pertenencias.<\/p>\n\n\n\n<p>Otro de los ladrones, el cual se qued\u00f3 junto a la puerta, tambi\u00e9n procedi\u00f3 a desapoderar a los pasajeros de sus objetos de valor.<br>Los delincuentes huyeron del lugar, pero no sin que antes las c\u00e1maras de vigilancia con las que cuenta la colectiva grabara sus rostros y caracter\u00edsticas por lo que ya son buscados por la polic\u00eda.<\/p>\n","protected":false},"excerpt":{"rendered":"<p>En video fue captado el instante en el que dos sujetos armados asaltaron a pasajeros de una combi en la Avenida Ju\u00e1rez en la ciudad de Puebla el d\u00eda martes 27 de febrero a las 8:42 horas, en el cruce con la Calle 15 Sur. Sin importar que la unidad del transporte p\u00fablico fuera llena [&hellip;]<\/p>\n","protected":false},"author":4,"featured_media":42244,"comment_status":"open","ping_status":"open","sticky":false,"template":"","format":"standard","meta":{"om_disable_all_campaigns":false,"_monsterinsights_skip_tracking":false,"_monsterinsights_sitenote_active":false,"_monsterinsights_sitenote_note":"","_monsterinsights_sitenote_category":0,"footnotes":""},"categories":[175],"tags":[223],"class_list":["post-42243","post","type-post","status-publish","format-standard","has-post-thumbnail","hentry","category-local","tag-puebla"],"amp_enabled":true,"_links":{"self":[{"href":"https:\/\/lahora.mx\/index.php\/wp-json\/wp\/v2\/posts\/42243","targetHints":{"allow":["GET"]}}],"collection":[{"href":"https:\/\/lahora.mx\/index.php\/wp-json\/wp\/v2\/posts"}],"about":[{"href":"https:\/\/lahora.mx\/index.php\/wp-json\/wp\/v2\/types\/post"}],"author":[{"embeddable":true,"href":"https:\/\/lahora.mx\/index.php\/wp-json\/wp\/v2\/users\/4"}],"replies":[{"embeddable":true,"href":"https:\/\/lahora.mx\/index.php\/wp-json\/wp\/v2\/comments?post=42243"}],"version-history":[{"count":1,"href":"https:\/\/lahora.mx\/index.php\/wp-json\/wp\/v2\/posts\/42243\/revisions"}],"predecessor-version":[{"id":42245,"href":"https:\/\/lahora.mx\/index.php\/wp-json\/wp\/v2\/posts\/42243\/revisions\/42245"}],"wp:featuredmedia":[{"embeddable":true,"href":"https:\/\/lahora.mx\/index.php\/wp-json\/wp\/v2\/media\/42244"}],"wp:attachment":[{"href":"https:\/\/lahora.mx\/index.php\/wp-json\/wp\/v2\/media?parent=42243"}],"wp:term":[{"taxonomy":"category","embeddable":true,"href":"https:\/\/lahora.mx\/index.php\/wp-json\/wp\/v2\/categories?post=42243"},{"taxonomy":"post_tag","embeddable":true,"href":"https:\/\/lahora.mx\/index.php\/wp-json\/wp\/v2\/tags?post=42243"}],"curies":[{"name":"wp","href":"https:\/\/api.w.org\/{rel}","templated":true}]}}