{"id":42224,"date":"2024-02-28T02:31:37","date_gmt":"2024-02-28T02:31:37","guid":{"rendered":"http:\/\/lahora.mx\/?p=42224"},"modified":"2024-02-28T02:31:37","modified_gmt":"2024-02-28T02:31:37","slug":"armenta-lalo-y-fer-morales-iran-a-la-ibero-el-proximo-4-de-marzo","status":"publish","type":"post","link":"https:\/\/lahora.mx\/index.php\/2024\/02\/28\/armenta-lalo-y-fer-morales-iran-a-la-ibero-el-proximo-4-de-marzo\/","title":{"rendered":"Armenta, Lalo y Fer Morales ir\u00e1n a la IBERO el pr\u00f3ximo 4 de marzo\u00a0"},"content":{"rendered":"\n<p>Los candidatos a la gubernatura de Puebla estar\u00e1n el pr\u00f3ximo lunes 4 de marzo en las instalaciones de la Universidad Iberoamericana, as\u00ed lo anunci\u00f3 el rector de la instituci\u00f3n, Mario Ernesto Patr\u00f3n S\u00e1nchez.<\/p>\n\n\n\n<p>En conferencia de prensa, inform\u00f3 que les presentar\u00e1 la agenda institucional 2024 de la universidad a los candidatos a la gubernatura de Puebla, esto, a fin de que puedan agregarla en sus propuestas de campa\u00f1a.<\/p>\n\n\n\n<p>Durante su mensaje, Patr\u00f3n S\u00e1nchez agradeci\u00f3 la voluntad pol\u00edtica de los candidatos a la gubernatura de Puebla, a quienes a su vez, pidi\u00f3 mantener la cordura durante el pr\u00f3ximo proceso electoral.<\/p>\n\n\n\n<p>Asimismo, hizo un llamado a los candidatos a la gubernatura de Puebla a no polarizar a la sociedad antes y durante la contienda electoral, al contrario, los invit\u00f3 a discutir democr\u00e1ticamente las diferentes plataformas y programas de gobierno que existen actualmente.<\/p>\n\n\n\n<p>En ese sentido, adelant\u00f3 que la agenda institucional que les presentar\u00e1 a los candidatos a la gubernatura de Puebla, contiene algunos asuntos que considera estructurales, los cuales, adem\u00e1s, tendr\u00e1n una perspectiva transexenal, gracias al di\u00e1logo y diagn\u00f3stico de la comunidad de la Universidad Iberoamericana.<\/p>\n\n\n\n<p>Argument\u00f3 que, una de las tareas de su instituci\u00f3n, es presentar su perspectiva de cara al pr\u00f3ximo proceso electoral, sin embargo, expres\u00f3 que ser\u00e1 decisi\u00f3n de los candidatos a la gubernatura de Puebla sumarlas o no a su agenda pol\u00edtica.<\/p>\n\n\n\n<p>\u201cLa labor de la universidad es poner en la mesa la propuesta, ah\u00ed tambi\u00e9n hay una mediaci\u00f3n que es la voluntad pol\u00edtica de los actores pol\u00edticos para hacerlas suyas y generar propuestas y un proceso de trabajo con nosotros\u201d, coment\u00f3.<\/p>\n\n\n\n<p>Cabe se\u00f1alar que, el pasado 6 de diciembre, Patr\u00f3n S\u00e1nchez pidi\u00f3 a los candidatos a la gubernatura de Puebla presentar sus propuestas, mismas que dijo, deben priorizar a la juventud.<\/p>\n","protected":false},"excerpt":{"rendered":"<p>Los candidatos a la gubernatura de Puebla estar\u00e1n el pr\u00f3ximo lunes 4 de marzo en las instalaciones de la Universidad Iberoamericana, as\u00ed lo anunci\u00f3 el rector de la instituci\u00f3n, Mario Ernesto Patr\u00f3n S\u00e1nchez. En conferencia de prensa, inform\u00f3 que les presentar\u00e1 la agenda institucional 2024 de la universidad a los candidatos a la gubernatura de [&hellip;]<\/p>\n","protected":false},"author":4,"featured_media":42225,"comment_status":"open","ping_status":"open","sticky":false,"template":"","format":"standard","meta":{"om_disable_all_campaigns":false,"_monsterinsights_skip_tracking":false,"_monsterinsights_sitenote_active":false,"_monsterinsights_sitenote_note":"","_monsterinsights_sitenote_category":0,"footnotes":""},"categories":[175],"tags":[223],"class_list":["post-42224","post","type-post","status-publish","format-standard","has-post-thumbnail","hentry","category-local","tag-puebla"],"amp_enabled":true,"_links":{"self":[{"href":"https:\/\/lahora.mx\/index.php\/wp-json\/wp\/v2\/posts\/42224","targetHints":{"allow":["GET"]}}],"collection":[{"href":"https:\/\/lahora.mx\/index.php\/wp-json\/wp\/v2\/posts"}],"about":[{"href":"https:\/\/lahora.mx\/index.php\/wp-json\/wp\/v2\/types\/post"}],"author":[{"embeddable":true,"href":"https:\/\/lahora.mx\/index.php\/wp-json\/wp\/v2\/users\/4"}],"replies":[{"embeddable":true,"href":"https:\/\/lahora.mx\/index.php\/wp-json\/wp\/v2\/comments?post=42224"}],"version-history":[{"count":1,"href":"https:\/\/lahora.mx\/index.php\/wp-json\/wp\/v2\/posts\/42224\/revisions"}],"predecessor-version":[{"id":42226,"href":"https:\/\/lahora.mx\/index.php\/wp-json\/wp\/v2\/posts\/42224\/revisions\/42226"}],"wp:featuredmedia":[{"embeddable":true,"href":"https:\/\/lahora.mx\/index.php\/wp-json\/wp\/v2\/media\/42225"}],"wp:attachment":[{"href":"https:\/\/lahora.mx\/index.php\/wp-json\/wp\/v2\/media?parent=42224"}],"wp:term":[{"taxonomy":"category","embeddable":true,"href":"https:\/\/lahora.mx\/index.php\/wp-json\/wp\/v2\/categories?post=42224"},{"taxonomy":"post_tag","embeddable":true,"href":"https:\/\/lahora.mx\/index.php\/wp-json\/wp\/v2\/tags?post=42224"}],"curies":[{"name":"wp","href":"https:\/\/api.w.org\/{rel}","templated":true}]}}