{"id":42221,"date":"2024-02-28T02:29:14","date_gmt":"2024-02-28T02:29:14","guid":{"rendered":"http:\/\/lahora.mx\/?p=42221"},"modified":"2024-02-28T02:29:14","modified_gmt":"2024-02-28T02:29:14","slug":"morena-y-pt-piden-al-ine-negar-registro-a-francisco-garcia-cabeza-de-vaca","status":"publish","type":"post","link":"https:\/\/lahora.mx\/index.php\/2024\/02\/28\/morena-y-pt-piden-al-ine-negar-registro-a-francisco-garcia-cabeza-de-vaca\/","title":{"rendered":"Morena y PT piden al INE negar registro a Francisco Garc\u00eda Cabeza de Vaca"},"content":{"rendered":"\n<p>Ante la posibilidad de que el PAN registre al exgobernador Francisco Garc\u00eda Cabeza de Vaca como candidato plurinominal, los representantes de Morena y PT ante el INE, Sergio Guti\u00e9rrez Luna y Gerardo Fern\u00e1ndez Noro\u00f1a, entregaron al INE una petici\u00f3n para negarle el registro por no ser mexicano, no vivir en la circunscripci\u00f3n por la que ser\u00eda legislador, tiene suspendidos sus derechos por ser pr\u00f3fugo de la justicia y estar inhabilitado por la Secretar\u00eda de la Funci\u00f3n P\u00fablica.<\/p>\n\n\n\n<p>Esto al acudir a la oficial\u00eda del INE para entregar las presuntas pruebas de que el exgobernador de Tamaulipas no puede ser registrado como candidato.<\/p>\n\n\n\n<p>Sergio Guti\u00e9rrez explic\u00f3 que el panista no naci\u00f3 en M\u00e9xico, tiene un acta de nacimiento expedida en Estados Unidos, en McAllen, Texas, no tiene residencia en Tamaulipas o estado aleda\u00f1o de la circunscripci\u00f3n pues pidi\u00f3 al ayuntamiento de Reynosa una constancia de residencia que le fue negado, se ampar\u00f3, pero se le neg\u00f3.<\/p>\n\n\n\n<p>Agreg\u00f3 que el mismo Cabeza de Vaca ha dicho que est\u00e1 \u201cresguardado\u201d porque dijo Guti\u00e9rrez es \u201cpr\u00f3fugo de la justicia\u201d y consta en registros de la Secretar\u00eda de la Funci\u00f3n P\u00fablica que est\u00e1 inhabilitado para ejercer en la administraci\u00f3n p\u00fablica.<\/p>\n","protected":false},"excerpt":{"rendered":"<p>Ante la posibilidad de que el PAN registre al exgobernador Francisco Garc\u00eda Cabeza de Vaca como candidato plurinominal, los representantes de Morena y PT ante el INE, Sergio Guti\u00e9rrez Luna y Gerardo Fern\u00e1ndez Noro\u00f1a, entregaron al INE una petici\u00f3n para negarle el registro por no ser mexicano, no vivir en la circunscripci\u00f3n por la que [&hellip;]<\/p>\n","protected":false},"author":4,"featured_media":42222,"comment_status":"open","ping_status":"open","sticky":false,"template":"","format":"standard","meta":{"om_disable_all_campaigns":false,"_monsterinsights_skip_tracking":false,"_monsterinsights_sitenote_active":false,"_monsterinsights_sitenote_note":"","_monsterinsights_sitenote_category":0,"footnotes":""},"categories":[175],"tags":[223],"class_list":["post-42221","post","type-post","status-publish","format-standard","has-post-thumbnail","hentry","category-local","tag-puebla"],"amp_enabled":true,"_links":{"self":[{"href":"https:\/\/lahora.mx\/index.php\/wp-json\/wp\/v2\/posts\/42221","targetHints":{"allow":["GET"]}}],"collection":[{"href":"https:\/\/lahora.mx\/index.php\/wp-json\/wp\/v2\/posts"}],"about":[{"href":"https:\/\/lahora.mx\/index.php\/wp-json\/wp\/v2\/types\/post"}],"author":[{"embeddable":true,"href":"https:\/\/lahora.mx\/index.php\/wp-json\/wp\/v2\/users\/4"}],"replies":[{"embeddable":true,"href":"https:\/\/lahora.mx\/index.php\/wp-json\/wp\/v2\/comments?post=42221"}],"version-history":[{"count":1,"href":"https:\/\/lahora.mx\/index.php\/wp-json\/wp\/v2\/posts\/42221\/revisions"}],"predecessor-version":[{"id":42223,"href":"https:\/\/lahora.mx\/index.php\/wp-json\/wp\/v2\/posts\/42221\/revisions\/42223"}],"wp:featuredmedia":[{"embeddable":true,"href":"https:\/\/lahora.mx\/index.php\/wp-json\/wp\/v2\/media\/42222"}],"wp:attachment":[{"href":"https:\/\/lahora.mx\/index.php\/wp-json\/wp\/v2\/media?parent=42221"}],"wp:term":[{"taxonomy":"category","embeddable":true,"href":"https:\/\/lahora.mx\/index.php\/wp-json\/wp\/v2\/categories?post=42221"},{"taxonomy":"post_tag","embeddable":true,"href":"https:\/\/lahora.mx\/index.php\/wp-json\/wp\/v2\/tags?post=42221"}],"curies":[{"name":"wp","href":"https:\/\/api.w.org\/{rel}","templated":true}]}}