{"id":42218,"date":"2024-02-28T02:24:16","date_gmt":"2024-02-28T02:24:16","guid":{"rendered":"http:\/\/lahora.mx\/?p=42218"},"modified":"2024-02-28T02:24:17","modified_gmt":"2024-02-28T02:24:17","slug":"paulina-rubio-la-primera-artista-confirmada-para-la-feria-de-puebla-2024","status":"publish","type":"post","link":"https:\/\/lahora.mx\/index.php\/2024\/02\/28\/paulina-rubio-la-primera-artista-confirmada-para-la-feria-de-puebla-2024\/","title":{"rendered":"Paulina Rubio, la primera artista confirmada para la Feria de Puebla 2024"},"content":{"rendered":"\n<p>El gobernador de Puebla, Sergio Salom\u00f3n C\u00e9spedes, anunci\u00f3 a Paulina Rubio como la primera artista confirmada para la Feria de Puebla 2024. Agreg\u00f3 que este 28 de febrero se anunciar\u00e1 el cartel que tendr\u00e1 el Teatro del Pueblo.<\/p>\n\n\n\n<p>Sin embargo, lament\u00f3 no poder preparar una mejor presentaci\u00f3n de los artistas, tal como lo hizo el a\u00f1o pasado, debido a la veda electoral. El mandatario adelant\u00f3 que la Feria de Puebla 2024 tendr\u00e1 14 artistas nacionales y 4 internacionales, de g\u00e9neros como pop, banda, rock, reggaet\u00f3n y tropical.<\/p>\n\n\n\n<p>De acuerdo con la convocatoria emitida por el gobierno estatal, la Feria de Puebla de este a\u00f1o se realizar\u00e1 del 25 de abril al 12 de mayo. Adem\u00e1s de los conciertos gratuitos en el Teatro del Pueblo y los shows del Palenque, contar\u00e1 con varias atracciones como pista de hielo y un espect\u00e1culo circense.<\/p>\n\n\n\n<p>\u201cYo pensaba hacer un muy buen anuncio como el del a\u00f1o pasado, pero no me dar\u00e1 la vida por la veda. Ma\u00f1ana daremos a conocer qui\u00e9nes vienen, se la van a pasar muy bien los poblanos\u201d, coment\u00f3 el mandatario.<br>Este a\u00f1o se espera superar las expectativas de la edici\u00f3n 2023, cuando se cont\u00f3 con la asistencia de m\u00e1s de 1.2 millones de visitantes.<\/p>\n\n\n\n<p>Aunque a\u00fan no hay m\u00e1s artistas confirmados para la Feria de Puebla 2024, en redes sociales hay especulaci\u00f3n sobre algunos nombres para presentarse tanto en el Teatro del Pueblo como en el Palenque.<\/p>\n\n\n\n<p>Entre los artistas que se presume podr\u00edan venir destacan los de Marco Antonio Sol\u00eds \u2018El Buki\u2019 y Alejandro Sanz, quien se presentar\u00e1 el 5 de mayo en la Feria de San Marcos, Aguascalientes.<\/p>\n\n\n\n<p>Tambi\u00e9n se especula la presencia de Fuerza Regida, que podr\u00eda estar en el Teatro del Pueblo debido a que hace anunciaron una presentaci\u00f3n para el 8 de mayo, aunque no compartieron m\u00e1s detalles.<br>Quienes han quedado fuera son Los Tigres del Norte debido a que se encuentran en su gira por Europa, as\u00ed como Peso Pluma y Car\u00edn Le\u00f3n, ambos descartados por el gobernador Sergio Salom\u00f3n C\u00e9spedes.<\/p>\n\n\n\n<p>Los precios, fechas, horarios y dem\u00e1s detalles ser\u00e1n compartidos este 28 de febrero.<\/p>\n","protected":false},"excerpt":{"rendered":"<p>El gobernador de Puebla, Sergio Salom\u00f3n C\u00e9spedes, anunci\u00f3 a Paulina Rubio como la primera artista confirmada para la Feria de Puebla 2024. Agreg\u00f3 que este 28 de febrero se anunciar\u00e1 el cartel que tendr\u00e1 el Teatro del Pueblo. Sin embargo, lament\u00f3 no poder preparar una mejor presentaci\u00f3n de los artistas, tal como lo hizo el [&hellip;]<\/p>\n","protected":false},"author":4,"featured_media":42219,"comment_status":"open","ping_status":"open","sticky":false,"template":"","format":"standard","meta":{"om_disable_all_campaigns":false,"_monsterinsights_skip_tracking":false,"_monsterinsights_sitenote_active":false,"_monsterinsights_sitenote_note":"","_monsterinsights_sitenote_category":0,"footnotes":""},"categories":[175],"tags":[223],"class_list":["post-42218","post","type-post","status-publish","format-standard","has-post-thumbnail","hentry","category-local","tag-puebla"],"amp_enabled":true,"_links":{"self":[{"href":"https:\/\/lahora.mx\/index.php\/wp-json\/wp\/v2\/posts\/42218","targetHints":{"allow":["GET"]}}],"collection":[{"href":"https:\/\/lahora.mx\/index.php\/wp-json\/wp\/v2\/posts"}],"about":[{"href":"https:\/\/lahora.mx\/index.php\/wp-json\/wp\/v2\/types\/post"}],"author":[{"embeddable":true,"href":"https:\/\/lahora.mx\/index.php\/wp-json\/wp\/v2\/users\/4"}],"replies":[{"embeddable":true,"href":"https:\/\/lahora.mx\/index.php\/wp-json\/wp\/v2\/comments?post=42218"}],"version-history":[{"count":1,"href":"https:\/\/lahora.mx\/index.php\/wp-json\/wp\/v2\/posts\/42218\/revisions"}],"predecessor-version":[{"id":42220,"href":"https:\/\/lahora.mx\/index.php\/wp-json\/wp\/v2\/posts\/42218\/revisions\/42220"}],"wp:featuredmedia":[{"embeddable":true,"href":"https:\/\/lahora.mx\/index.php\/wp-json\/wp\/v2\/media\/42219"}],"wp:attachment":[{"href":"https:\/\/lahora.mx\/index.php\/wp-json\/wp\/v2\/media?parent=42218"}],"wp:term":[{"taxonomy":"category","embeddable":true,"href":"https:\/\/lahora.mx\/index.php\/wp-json\/wp\/v2\/categories?post=42218"},{"taxonomy":"post_tag","embeddable":true,"href":"https:\/\/lahora.mx\/index.php\/wp-json\/wp\/v2\/tags?post=42218"}],"curies":[{"name":"wp","href":"https:\/\/api.w.org\/{rel}","templated":true}]}}