{"id":42215,"date":"2024-02-28T02:21:23","date_gmt":"2024-02-28T02:21:23","guid":{"rendered":"http:\/\/lahora.mx\/?p=42215"},"modified":"2024-02-28T02:21:24","modified_gmt":"2024-02-28T02:21:24","slug":"hacienda-ordena-suspender-contrataciones-de-personal-en-el-gobierno-federal","status":"publish","type":"post","link":"https:\/\/lahora.mx\/index.php\/2024\/02\/28\/hacienda-ordena-suspender-contrataciones-de-personal-en-el-gobierno-federal\/","title":{"rendered":"Hacienda ordena suspender contrataciones de personal en el gobierno federal"},"content":{"rendered":"\n<p>A partir del 2 de marzo y hasta el 30 de septiembre del 2024 no se podr\u00e1n hacer contrataciones de personal en el gobierno federal.<\/p>\n\n\n\n<p>La disposici\u00f3n incluye a las dependencias, los \u00f3rganos administrativos desconcentrados, entidades de la Administraci\u00f3n P\u00fablica Federal (APF), los \u00f3rganos reguladores coordinados en materia energ\u00e9tica, la Oficina de la Presidencia de la Rep\u00fablica y los Tribunales Agrarios.<\/p>\n\n\n\n<p>As\u00ed lo orden\u00f3, la Secretar\u00eda de Hacienda y Cr\u00e9dito P\u00fablico (SHCP) a todos los oficiales mayores y titulares de las Unidades de Administraci\u00f3n y Finanzas de las dependencias de la APF.<\/p>\n\n\n\n<p>Por medio de un oficio emitido por la Unidad de Pol\u00edtica y Control Presupuestario de la Subsecretar\u00eda de Egresos, se establece que no podr\u00e1n ocupar plazas presupuestarias de car\u00e1cter permanente ni eventuales.<\/p>\n\n\n\n<p>Tampoco podr\u00e1n contratar personal que preste servicios profesionales por honorarios con cargo al cap\u00edtulo de Servicios Personales.<br>No estar\u00e1n sujetos a la fecha establecida los movimientos de servicios personales que deriven de la emisi\u00f3n o reformas de leyes previo dictamen espec\u00edfico que emita la Unidad de Pol\u00edtica y Control Presupuestario.<\/p>\n\n\n\n<p>La operaci\u00f3n de Consulados y Embajadas tambi\u00e9n est\u00e1n excluidos de esta disposici\u00f3n as\u00ed como las contrataciones en t\u00e9rminos de la legislaci\u00f3n laboral y las funciones que desempe\u00f1an las secretar\u00edas de la Defensa Nacional y de Marina, as\u00ed como las que se encuentren bajo su coordinaci\u00f3n sectorial.<\/p>\n\n\n\n<p>Adem\u00e1s, la Guardia Nacional, y las acciones que realice el organismo p\u00fablico descentralizado Servicios de Salud del IMSS Bienestar para la prestaci\u00f3n gratuita de los servicios de salud para personas sin seguridad social, no se sujetar\u00e1n a esta restricci\u00f3n.<\/p>\n\n\n\n<p>El oficio firmado por la titular de la Unidad de Pol\u00edtica y Control Presupuestario, Alejandra Ca\u00f1izares Tello, se\u00f1ala que las dependencias y entidades apoyadas en servicios personales que cuenten con recursos provenientes de vacancia, deber\u00e1n realizar el traspaso al Ramo General 23 Provisiones Salariales y Econ\u00f3micas dentro de los 10 d\u00edas h\u00e1biles siguientes al t\u00e9rmino de cada mes.<\/p>\n","protected":false},"excerpt":{"rendered":"<p>A partir del 2 de marzo y hasta el 30 de septiembre del 2024 no se podr\u00e1n hacer contrataciones de personal en el gobierno federal. La disposici\u00f3n incluye a las dependencias, los \u00f3rganos administrativos desconcentrados, entidades de la Administraci\u00f3n P\u00fablica Federal (APF), los \u00f3rganos reguladores coordinados en materia energ\u00e9tica, la Oficina de la Presidencia de [&hellip;]<\/p>\n","protected":false},"author":4,"featured_media":42216,"comment_status":"open","ping_status":"open","sticky":false,"template":"","format":"standard","meta":{"om_disable_all_campaigns":false,"_monsterinsights_skip_tracking":false,"_monsterinsights_sitenote_active":false,"_monsterinsights_sitenote_note":"","_monsterinsights_sitenote_category":0,"footnotes":""},"categories":[175],"tags":[223],"class_list":["post-42215","post","type-post","status-publish","format-standard","has-post-thumbnail","hentry","category-local","tag-puebla"],"amp_enabled":true,"_links":{"self":[{"href":"https:\/\/lahora.mx\/index.php\/wp-json\/wp\/v2\/posts\/42215","targetHints":{"allow":["GET"]}}],"collection":[{"href":"https:\/\/lahora.mx\/index.php\/wp-json\/wp\/v2\/posts"}],"about":[{"href":"https:\/\/lahora.mx\/index.php\/wp-json\/wp\/v2\/types\/post"}],"author":[{"embeddable":true,"href":"https:\/\/lahora.mx\/index.php\/wp-json\/wp\/v2\/users\/4"}],"replies":[{"embeddable":true,"href":"https:\/\/lahora.mx\/index.php\/wp-json\/wp\/v2\/comments?post=42215"}],"version-history":[{"count":1,"href":"https:\/\/lahora.mx\/index.php\/wp-json\/wp\/v2\/posts\/42215\/revisions"}],"predecessor-version":[{"id":42217,"href":"https:\/\/lahora.mx\/index.php\/wp-json\/wp\/v2\/posts\/42215\/revisions\/42217"}],"wp:featuredmedia":[{"embeddable":true,"href":"https:\/\/lahora.mx\/index.php\/wp-json\/wp\/v2\/media\/42216"}],"wp:attachment":[{"href":"https:\/\/lahora.mx\/index.php\/wp-json\/wp\/v2\/media?parent=42215"}],"wp:term":[{"taxonomy":"category","embeddable":true,"href":"https:\/\/lahora.mx\/index.php\/wp-json\/wp\/v2\/categories?post=42215"},{"taxonomy":"post_tag","embeddable":true,"href":"https:\/\/lahora.mx\/index.php\/wp-json\/wp\/v2\/tags?post=42215"}],"curies":[{"name":"wp","href":"https:\/\/api.w.org\/{rel}","templated":true}]}}