{"id":42212,"date":"2024-02-28T02:17:35","date_gmt":"2024-02-28T02:17:35","guid":{"rendered":"http:\/\/lahora.mx\/?p=42212"},"modified":"2024-02-28T02:17:36","modified_gmt":"2024-02-28T02:17:36","slug":"esta-sera-la-ruta-de-la-procesion-de-viernes-santo-2024-en-puebla","status":"publish","type":"post","link":"https:\/\/lahora.mx\/index.php\/2024\/02\/28\/esta-sera-la-ruta-de-la-procesion-de-viernes-santo-2024-en-puebla\/","title":{"rendered":"Esta ser\u00e1 la ruta de la Procesi\u00f3n de Viernes Santo 2024 en Puebla"},"content":{"rendered":"\n<p>La Procesi\u00f3n de Viernes Santo en Puebla que se realizar\u00e1 este viernes 29 de marzo de 2024 a partir de las 12:00 horas por las principales calles del Centro Hist\u00f3rico de Puebla, en la que se espera la participaci\u00f3n de 160 mil personas.<\/p>\n\n\n\n<p>En rueda de prensa, el comit\u00e9 organizador inform\u00f3 que ser\u00e1n siete im\u00e1genes las que procesionen. De todas las im\u00e1genes, el Cristo de la Expiraci\u00f3n que se coloca en estrado principal en el atrio de la Bas\u00edlica Catedral de Puebla, se mantendr\u00e1 en el mismo lugar hasta la reflexi\u00f3n final del arzobispo de Puebla, V\u00edctor S\u00e1nchez Espinosa, despu\u00e9s de las 15:00 horas.<\/p>\n\n\n\n<p>Comentaron que se espera la participaci\u00f3n de m\u00e1s de 160 mil personas, con lo que se convierte en el acto piadoso m\u00e1s grande del pa\u00eds.<\/p>\n\n\n\n<p>Destacaron que los procesos de log\u00edstica est\u00e1n preparados para que se realice la Procesi\u00f3n de Viernes Santo en Puebla, para lo cual se cuenta con la intervenci\u00f3n de diferentes instancias de gobierno.<br>Enfatizaron que la Procesi\u00f3n de Viernes Santo debe ser un espacio de reflexi\u00f3n para las personas y una oportunidad para solidarizarse con quienes la est\u00e1n pasando por una situaci\u00f3n dif\u00edcil.<\/p>\n\n\n\n<p>\u00bfQu\u00e9 im\u00e1genes van a procesionar?<br>La Virgen de la Soledad -Templo de la Soledad<br>Virgen de los Dolores -Templo del Carmen<br>El Se\u00f1or de las Maravillas -Templo de Santa M\u00f3nica<br>Jes\u00fas de Nazaret \u2013 Parroquia de San Jos\u00e9<br>El Se\u00f1or de las Tres Ca\u00eddas -Parroquia Santo \u00c1ngel Custodio de Analco<br>Jes\u00fas de la Misericordia \u2013 Templo de la Compa\u00f1\u00eda<br>El Santo Ni\u00f1o Doctor -Del Santuario de Tepeaca<br>As\u00ed ser\u00e1 el recorrido<br>La Procesi\u00f3n de Viernes Santo en Puebla por Semana Santa 2024 iniciar\u00e1 en al atrio de la Catedral de la ciudad, ah\u00ed se prev\u00e9 el encuentro de las im\u00e1genes con sus respectivas cofrad\u00edas a partir de las 10:30 a 11:30 horas.<\/p>\n\n\n\n<p>El recorrido iniciar\u00e1 en punto de las 12:00 horas, sobre la Catedral de Puebla en donde el arzobispo de Puebla dar\u00e1 su primera reflexi\u00f3n.<\/p>\n\n\n\n<p>Los contingentes procesionar\u00e1n sobre la calle 16 de Septiembre hasta el Z\u00f3calo para dar vuelta al oriente por la avenida Juan de Palafox y Mendoza, luego doblar\u00e1n hacia la avenida 2 Norte hasta la 4 Oriente, para retornar hasta la 11 Norte y llegar al \u00abGallito\u00bb, sobre la 11 Sur y Reforma.<\/p>\n\n\n\n<p>Despu\u00e9s del segundo mensaje del arzobispo, contin\u00faa por avenida Reforma hasta el Z\u00f3calo y por la 16 de Septiembre al atrio de la Catedral, arribando alrededor de las 15:00 horas, donde se dar\u00e1 la bendici\u00f3n y concesi\u00f3n de indulgencia plenaria.<\/p>\n\n\n\n<p>Una vez concluido el recorrido se har\u00e1 la despedida de las cofrad\u00edas para que las im\u00e1genes regresen a sus templos.<\/p>\n","protected":false},"excerpt":{"rendered":"<p>La Procesi\u00f3n de Viernes Santo en Puebla que se realizar\u00e1 este viernes 29 de marzo de 2024 a partir de las 12:00 horas por las principales calles del Centro Hist\u00f3rico de Puebla, en la que se espera la participaci\u00f3n de 160 mil personas. En rueda de prensa, el comit\u00e9 organizador inform\u00f3 que ser\u00e1n siete im\u00e1genes [&hellip;]<\/p>\n","protected":false},"author":4,"featured_media":42213,"comment_status":"open","ping_status":"open","sticky":false,"template":"","format":"standard","meta":{"om_disable_all_campaigns":false,"_monsterinsights_skip_tracking":false,"_monsterinsights_sitenote_active":false,"_monsterinsights_sitenote_note":"","_monsterinsights_sitenote_category":0,"footnotes":""},"categories":[175],"tags":[195,223],"class_list":["post-42212","post","type-post","status-publish","format-standard","has-post-thumbnail","hentry","category-local","tag-principal","tag-puebla"],"amp_enabled":true,"_links":{"self":[{"href":"https:\/\/lahora.mx\/index.php\/wp-json\/wp\/v2\/posts\/42212","targetHints":{"allow":["GET"]}}],"collection":[{"href":"https:\/\/lahora.mx\/index.php\/wp-json\/wp\/v2\/posts"}],"about":[{"href":"https:\/\/lahora.mx\/index.php\/wp-json\/wp\/v2\/types\/post"}],"author":[{"embeddable":true,"href":"https:\/\/lahora.mx\/index.php\/wp-json\/wp\/v2\/users\/4"}],"replies":[{"embeddable":true,"href":"https:\/\/lahora.mx\/index.php\/wp-json\/wp\/v2\/comments?post=42212"}],"version-history":[{"count":1,"href":"https:\/\/lahora.mx\/index.php\/wp-json\/wp\/v2\/posts\/42212\/revisions"}],"predecessor-version":[{"id":42214,"href":"https:\/\/lahora.mx\/index.php\/wp-json\/wp\/v2\/posts\/42212\/revisions\/42214"}],"wp:featuredmedia":[{"embeddable":true,"href":"https:\/\/lahora.mx\/index.php\/wp-json\/wp\/v2\/media\/42213"}],"wp:attachment":[{"href":"https:\/\/lahora.mx\/index.php\/wp-json\/wp\/v2\/media?parent=42212"}],"wp:term":[{"taxonomy":"category","embeddable":true,"href":"https:\/\/lahora.mx\/index.php\/wp-json\/wp\/v2\/categories?post=42212"},{"taxonomy":"post_tag","embeddable":true,"href":"https:\/\/lahora.mx\/index.php\/wp-json\/wp\/v2\/tags?post=42212"}],"curies":[{"name":"wp","href":"https:\/\/api.w.org\/{rel}","templated":true}]}}