{"id":42202,"date":"2024-02-28T02:05:18","date_gmt":"2024-02-28T02:05:18","guid":{"rendered":"http:\/\/lahora.mx\/?p=42202"},"modified":"2024-02-28T02:05:19","modified_gmt":"2024-02-28T02:05:19","slug":"textileros-de-puebla-y-tlaxcala-piden-combatir-contrabando-e-ilegalidad","status":"publish","type":"post","link":"https:\/\/lahora.mx\/index.php\/2024\/02\/28\/textileros-de-puebla-y-tlaxcala-piden-combatir-contrabando-e-ilegalidad\/","title":{"rendered":"Textileros de Puebla y Tlaxcala piden combatir contrabando e ilegalidad"},"content":{"rendered":"\n<p>Empresarios textileros pidieron al gobernador de Puebla y a la mandataria de Tlaxcala su intervenci\u00f3n ante el gobierno federal para que defina una estrategia de combate al contrabando y la ilegalidad que \u00abtanto afecta\u00bb a las empresas formales, la generaci\u00f3n de empleo y al propio erario.<\/p>\n\n\n\n<p>A decir del presidente de la C\u00e1mara de la Industria Textil de Puebla y Tlaxcala, Jorge Moreno Rojas, urge tambi\u00e9n reforzar la seguridad, principalmente en las carreteras por el robo a transportistas, ya que impacta en los costos de log\u00edstica y sobre todo porque representa un riesgo para la vida del personal que maneja las unidades.<\/p>\n\n\n\n<p>Durante la ceremonia Inaugural de la Exhibici\u00f3n Internacional Textil EXINTEX Edici\u00f3n XXIII, llam\u00f3 a los textileros poblanos y tlaxcaltecas \u00abdejar atr\u00e1s la antigua forma de hacer negocios\u00bb para dar paso a una industria moderna y m\u00e1s especializada.<\/p>\n\n\n\n<p>\u00abTrabajemos unidos y que este sea un espacio de encuentro, aprendizaje y un referente de negocios en M\u00e9xico\u00bb, cit\u00f3.<\/p>\n\n\n\n<p>Por su parte, Manuel Espinosa Maurer, el representante de la Consejo directivo de la Confederaci\u00f3n de C\u00e1maras Industriales (Concamin), se sum\u00f3 al exhorto a la federaci\u00f3n para que haya mayor seguridad en las aduanas, a fin de controlar el paso de mercanc\u00edas provenientes de China hacia M\u00e9xico y Estados Unidos, y que afecta la comercializaci\u00f3n de los productos confeccionados en nuestro pa\u00eds.<\/p>\n\n\n\n<p>\u00abSe abri\u00f3 una brecha comercial con el abasto de productos de China hacia EU, que es el principal socio comercial de M\u00e9xico (\u2026) dejar en claro la importancia de trabajar duro en mejorar las aduanas del pa\u00eds, es fundamental para mejorar las exportaciones del centro del pa\u00eds\u00bb, manifest\u00f3.<\/p>\n\n\n\n<p>La respuesta vino del gobernador de Puebla, Sergio Salom\u00f3n C\u00e9spedes Peregrina dio la bienvenida a los m\u00e1s de 800 expositores, algunos provenientes de Estados Unidos, Canad\u00e1, Per\u00fa y Colombia.<\/p>\n\n\n\n<p>Se\u00f1al\u00f3 que Puebla es cuna de la industria con 10 mil 972 empresas y 78 mil puestos de trabajo. En esencia, en 159 municipios se fabrican prendas de vestir, en 113 productos textiles y en 68 insumos.<\/p>\n\n\n\n<p>Los municipos m\u00e1s representativos son Ajalpan, Puebla, Tehuac\u00e1n, Teziutl\u00e1n, Teziutl\u00e1n, Teopatl\u00e1n, San Gabriel Chilac y Tlacotepec de Benito Ju\u00e1rez.<\/p>\n\n\n\n<p>En la actualidad, Puebla tiene un r\u00e9cord de 6 mil 300 millones de d\u00f3lares por exportaci\u00f3n en el ramo textil y es el mayor productor de mezclila del mundo.<\/p>\n\n\n\n<p>Puebla tiene alianza con Tlaxcala para mejorar condiciones del sector textil<\/p>\n\n\n\n<p>Por todo ello, el mandatario estatal resalt\u00f3 las alianzas con estados vecinos como Tlaxcala para mejorar las condiciones del sector textilero, del cual dependen miles de familas.<\/p>\n\n\n\n<p>Por su parte, la gobernadora de Tlaxcala, Lorena Cu\u00e9llar Cisneros destac\u00f3 la coordinaci\u00f3n para trabajar a favor del sector textil, que es \u00abpilar\u00bb para la econom\u00eda de familias de zonas urbanas y rurales del estado.<\/p>\n\n\n\n<p>Dio a conocer que, seg\u00fan Inegi, en Tlaxcala hay 12 mil 795 mil unidades comerciales, de las cuales 2 mil .521 corresponden al sector textil.<\/p>\n\n\n\n<p>En esta edici\u00f3n de la EXINTEX, Tlaxcala estuvo presente con 12 empresas de vestido, calzado, rebozos, cobijas y moda.<\/p>\n","protected":false},"excerpt":{"rendered":"<p>Empresarios textileros pidieron al gobernador de Puebla y a la mandataria de Tlaxcala su intervenci\u00f3n ante el gobierno federal para que defina una estrategia de combate al contrabando y la ilegalidad que \u00abtanto afecta\u00bb a las empresas formales, la generaci\u00f3n de empleo y al propio erario. A decir del presidente de la C\u00e1mara de la [&hellip;]<\/p>\n","protected":false},"author":4,"featured_media":42203,"comment_status":"open","ping_status":"open","sticky":false,"template":"","format":"standard","meta":{"om_disable_all_campaigns":false,"_monsterinsights_skip_tracking":false,"_monsterinsights_sitenote_active":false,"_monsterinsights_sitenote_note":"","_monsterinsights_sitenote_category":0,"footnotes":""},"categories":[175],"tags":[223,210],"class_list":["post-42202","post","type-post","status-publish","format-standard","has-post-thumbnail","hentry","category-local","tag-puebla","tag-tlaxcala"],"amp_enabled":true,"_links":{"self":[{"href":"https:\/\/lahora.mx\/index.php\/wp-json\/wp\/v2\/posts\/42202","targetHints":{"allow":["GET"]}}],"collection":[{"href":"https:\/\/lahora.mx\/index.php\/wp-json\/wp\/v2\/posts"}],"about":[{"href":"https:\/\/lahora.mx\/index.php\/wp-json\/wp\/v2\/types\/post"}],"author":[{"embeddable":true,"href":"https:\/\/lahora.mx\/index.php\/wp-json\/wp\/v2\/users\/4"}],"replies":[{"embeddable":true,"href":"https:\/\/lahora.mx\/index.php\/wp-json\/wp\/v2\/comments?post=42202"}],"version-history":[{"count":1,"href":"https:\/\/lahora.mx\/index.php\/wp-json\/wp\/v2\/posts\/42202\/revisions"}],"predecessor-version":[{"id":42204,"href":"https:\/\/lahora.mx\/index.php\/wp-json\/wp\/v2\/posts\/42202\/revisions\/42204"}],"wp:featuredmedia":[{"embeddable":true,"href":"https:\/\/lahora.mx\/index.php\/wp-json\/wp\/v2\/media\/42203"}],"wp:attachment":[{"href":"https:\/\/lahora.mx\/index.php\/wp-json\/wp\/v2\/media?parent=42202"}],"wp:term":[{"taxonomy":"category","embeddable":true,"href":"https:\/\/lahora.mx\/index.php\/wp-json\/wp\/v2\/categories?post=42202"},{"taxonomy":"post_tag","embeddable":true,"href":"https:\/\/lahora.mx\/index.php\/wp-json\/wp\/v2\/tags?post=42202"}],"curies":[{"name":"wp","href":"https:\/\/api.w.org\/{rel}","templated":true}]}}