{"id":42197,"date":"2024-02-28T01:56:03","date_gmt":"2024-02-28T01:56:03","guid":{"rendered":"http:\/\/lahora.mx\/?p=42197"},"modified":"2024-02-28T01:56:54","modified_gmt":"2024-02-28T01:56:54","slug":"senado-aprueba-solicitud-de-licencia-de-alejandro-armenta","status":"publish","type":"post","link":"https:\/\/lahora.mx\/index.php\/2024\/02\/28\/senado-aprueba-solicitud-de-licencia-de-alejandro-armenta\/","title":{"rendered":"Senado aprueba solicitud de licencia de Alejandro Armenta"},"content":{"rendered":"\n<p>El Senado de la Rep\u00fablica concedi\u00f3 la solicitud de licencia a Alejandro Armenta Mier con efectos a partir del 1 de marzo y por tiempo indefinido. Lo anterior porque contender\u00e1 por la gubernatura de Puebla, cobijado por la alianza \u201cSigamos Haciendo Historia\u201d que conforman Morena, el Partido del Trabajo (PT), el Partido Verde Ecologista de M\u00e9xico (PVEM), Nueva Alianza y Fuerza por M\u00e9xico.<\/p>\n\n\n\n<p>El primer punto de la orden del d\u00eda, fue el relacionado con las peticiones de los senadores Alejandro Armenta, Ovidio Peralta Su\u00e1rez e Ismael Garc\u00eda Cabeza de Vaca, mismas que fueron avaladas por parte de la C\u00e1mara Alta.<\/p>\n\n\n\n<p>Al hablar previo a la votaci\u00f3n, Alejandro Armenta asegur\u00f3 que fue un orgullo ser el segundo poblano en presidir la Mesa Directiva de la C\u00e1mara Alta, despu\u00e9s de Miguel Barbosa Huerta, quien fue gobernador del estado: \u201cRecuerdo, respeto y reconozco al entonces senador Miguel Barbosa Huerta, en paz descanse. Hombre \u00edntegro, virtuoso, que fue un referente y muri\u00f3 sirviendo a Puebla. Senadores y senadores, este \u00f3rgano, para m\u00ed, ha sido el m\u00e1s cargo honor que he tenido en mi vida\u201d, dijo.<br><\/p>\n\n\n\n<p>\u201cMe siento muy orgullosa de saber que hoy vas a la gran batalla por la que siempre has luchado en el camino en el que te has puesto, de mi parte, dese\u00f3, como poblana una contienda electoral justa, equitativa, respetuosa, dese\u00f3 que despu\u00e9s del 2 de junio, gane el proyecto que gane, podamos contar con una Puebla en paz, con desarrollo, me siento profundamente honrada de ser tu amiga, de saber que nos respetamos aunque seamos de proyectos distintos, por supuesto, ah\u00ed vamos a estar construyendo por Puebla\u201d, mencion\u00f3.<\/p>\n\n\n\n<p>Por su parte, Nancy de la Sierra, tambi\u00e9n vocera del candidato opositor, reconoci\u00f3 que lleg\u00f3 junto con Alejandro Armenta a la C\u00e1mara Alta, pero en el camino sus proyectos se separaron y pronto Puebla tendr\u00e1 un mejor rumbo.<\/p>\n\n\n\n<p>\u201cDecirle senador que llegamos juntos con un sue\u00f1o de encontrar un M\u00e9xico y una Puebla m\u00e1s justa y m\u00e1s en paz. Hoy, desafortunadamente, la realidad es muy lejana de lo que so\u00f1amos. Nos unieron varias causas, como la persecuci\u00f3n de Rafael Moreno Valle\u201d, dijo.<\/p>\n","protected":false},"excerpt":{"rendered":"<p>El Senado de la Rep\u00fablica concedi\u00f3 la solicitud de licencia a Alejandro Armenta Mier con efectos a partir del 1 de marzo y por tiempo indefinido. Lo anterior porque contender\u00e1 por la gubernatura de Puebla, cobijado por la alianza \u201cSigamos Haciendo Historia\u201d que conforman Morena, el Partido del Trabajo (PT), el Partido Verde Ecologista de [&hellip;]<\/p>\n","protected":false},"author":4,"featured_media":42198,"comment_status":"open","ping_status":"open","sticky":false,"template":"","format":"standard","meta":{"om_disable_all_campaigns":false,"_monsterinsights_skip_tracking":false,"_monsterinsights_sitenote_active":false,"_monsterinsights_sitenote_note":"","_monsterinsights_sitenote_category":0,"footnotes":""},"categories":[175],"tags":[195,223],"class_list":["post-42197","post","type-post","status-publish","format-standard","has-post-thumbnail","hentry","category-local","tag-principal","tag-puebla"],"amp_enabled":true,"_links":{"self":[{"href":"https:\/\/lahora.mx\/index.php\/wp-json\/wp\/v2\/posts\/42197","targetHints":{"allow":["GET"]}}],"collection":[{"href":"https:\/\/lahora.mx\/index.php\/wp-json\/wp\/v2\/posts"}],"about":[{"href":"https:\/\/lahora.mx\/index.php\/wp-json\/wp\/v2\/types\/post"}],"author":[{"embeddable":true,"href":"https:\/\/lahora.mx\/index.php\/wp-json\/wp\/v2\/users\/4"}],"replies":[{"embeddable":true,"href":"https:\/\/lahora.mx\/index.php\/wp-json\/wp\/v2\/comments?post=42197"}],"version-history":[{"count":1,"href":"https:\/\/lahora.mx\/index.php\/wp-json\/wp\/v2\/posts\/42197\/revisions"}],"predecessor-version":[{"id":42199,"href":"https:\/\/lahora.mx\/index.php\/wp-json\/wp\/v2\/posts\/42197\/revisions\/42199"}],"wp:featuredmedia":[{"embeddable":true,"href":"https:\/\/lahora.mx\/index.php\/wp-json\/wp\/v2\/media\/42198"}],"wp:attachment":[{"href":"https:\/\/lahora.mx\/index.php\/wp-json\/wp\/v2\/media?parent=42197"}],"wp:term":[{"taxonomy":"category","embeddable":true,"href":"https:\/\/lahora.mx\/index.php\/wp-json\/wp\/v2\/categories?post=42197"},{"taxonomy":"post_tag","embeddable":true,"href":"https:\/\/lahora.mx\/index.php\/wp-json\/wp\/v2\/tags?post=42197"}],"curies":[{"name":"wp","href":"https:\/\/api.w.org\/{rel}","templated":true}]}}