{"id":42188,"date":"2024-02-27T19:39:07","date_gmt":"2024-02-27T19:39:07","guid":{"rendered":"http:\/\/lahora.mx\/?p=42188"},"modified":"2024-02-27T19:39:07","modified_gmt":"2024-02-27T19:39:07","slug":"adolescente-se-quita-la-vida-en-la-resurreccion","status":"publish","type":"post","link":"https:\/\/lahora.mx\/index.php\/2024\/02\/27\/adolescente-se-quita-la-vida-en-la-resurreccion\/","title":{"rendered":"Adolescente se quita la vida en La Resurrecci\u00f3n"},"content":{"rendered":"\n<p>Casi 24 horas despu\u00e9s de que un hombre de ahorcara en lo alta de una torre de energ\u00eda el\u00e9ctrica, un adolescente tambi\u00e9n decidi\u00f3 quitarse la vida, en esta ocasi\u00f3n al interior de su domicilio en la junta auxiliar de la Resurrecci\u00f3n.<\/p>\n\n\n\n<p>Fue la t\u00eda del menor de 16 a\u00f1os de edad, quien descubri\u00f3 los hechos a su regreso a casa en la colonia Cerro del Marqu\u00e9s, entre las calles Oriental y Tehuac\u00e1n, donde vio el cuerpo de su sobrino pendiendo de un lazo.<\/p>\n\n\n\n<p>Ante los hechos la mujer trat\u00f3 de ayudar a su sobrino, pero no lo logr\u00f3, por lo que pidi\u00f3 ayuda al n\u00famero de emergencias 911 de tal forma que param\u00e9dicos y polic\u00edas municipales acudieron al sitio.<\/p>\n\n\n\n<p>Los socorristas valoraron al menor e indicaron que ya no contaba con signos vitales por lo que dieron parte a la Fiscal\u00eda General del Estado de Puebla (FGE) quien mand\u00f3 a un grupo de peritos y de agentes investigadores para las diligencias del levantamiento de cad\u00e1ver.<br>Por protocolo, el cuerpo fue llevado a la morgue para la necropsia de ley y con ello confirmar la causa de muerte para posteriormente dejar el cad\u00e1ver en manos de sus familiares.<\/p>\n\n\n\n<p>Este caso se presenta un d\u00eda despu\u00e9s de que otro hombre de alrededor de 35 a\u00f1os de edad, se ahorcara en una torre de luz en la colonia Del Valle.<\/p>\n","protected":false},"excerpt":{"rendered":"<p>Casi 24 horas despu\u00e9s de que un hombre de ahorcara en lo alta de una torre de energ\u00eda el\u00e9ctrica, un adolescente tambi\u00e9n decidi\u00f3 quitarse la vida, en esta ocasi\u00f3n al interior de su domicilio en la junta auxiliar de la Resurrecci\u00f3n. Fue la t\u00eda del menor de 16 a\u00f1os de edad, quien descubri\u00f3 los hechos [&hellip;]<\/p>\n","protected":false},"author":4,"featured_media":42189,"comment_status":"open","ping_status":"open","sticky":false,"template":"","format":"standard","meta":{"om_disable_all_campaigns":false,"_monsterinsights_skip_tracking":false,"_monsterinsights_sitenote_active":false,"_monsterinsights_sitenote_note":"","_monsterinsights_sitenote_category":0,"footnotes":""},"categories":[175,226],"tags":[223],"class_list":["post-42188","post","type-post","status-publish","format-standard","has-post-thumbnail","hentry","category-local","category-policia","tag-puebla"],"amp_enabled":true,"_links":{"self":[{"href":"https:\/\/lahora.mx\/index.php\/wp-json\/wp\/v2\/posts\/42188","targetHints":{"allow":["GET"]}}],"collection":[{"href":"https:\/\/lahora.mx\/index.php\/wp-json\/wp\/v2\/posts"}],"about":[{"href":"https:\/\/lahora.mx\/index.php\/wp-json\/wp\/v2\/types\/post"}],"author":[{"embeddable":true,"href":"https:\/\/lahora.mx\/index.php\/wp-json\/wp\/v2\/users\/4"}],"replies":[{"embeddable":true,"href":"https:\/\/lahora.mx\/index.php\/wp-json\/wp\/v2\/comments?post=42188"}],"version-history":[{"count":1,"href":"https:\/\/lahora.mx\/index.php\/wp-json\/wp\/v2\/posts\/42188\/revisions"}],"predecessor-version":[{"id":42190,"href":"https:\/\/lahora.mx\/index.php\/wp-json\/wp\/v2\/posts\/42188\/revisions\/42190"}],"wp:featuredmedia":[{"embeddable":true,"href":"https:\/\/lahora.mx\/index.php\/wp-json\/wp\/v2\/media\/42189"}],"wp:attachment":[{"href":"https:\/\/lahora.mx\/index.php\/wp-json\/wp\/v2\/media?parent=42188"}],"wp:term":[{"taxonomy":"category","embeddable":true,"href":"https:\/\/lahora.mx\/index.php\/wp-json\/wp\/v2\/categories?post=42188"},{"taxonomy":"post_tag","embeddable":true,"href":"https:\/\/lahora.mx\/index.php\/wp-json\/wp\/v2\/tags?post=42188"}],"curies":[{"name":"wp","href":"https:\/\/api.w.org\/{rel}","templated":true}]}}