{"id":42146,"date":"2024-02-27T00:53:47","date_gmt":"2024-02-27T00:53:47","guid":{"rendered":"http:\/\/lahora.mx\/?p=42146"},"modified":"2024-02-27T00:53:48","modified_gmt":"2024-02-27T00:53:48","slug":"este-sabado-se-daran-a-conocer-los-candidatos-a-diputados-locales-de-morena-puebla","status":"publish","type":"post","link":"https:\/\/lahora.mx\/index.php\/2024\/02\/27\/este-sabado-se-daran-a-conocer-los-candidatos-a-diputados-locales-de-morena-puebla\/","title":{"rendered":"Este s\u00e1bado se dar\u00e1n a conocer los candidatos a diputados locales de Morena Puebla"},"content":{"rendered":"\n<p>El secretario general del Movimiento Regeneraci\u00f3n Nacional (Morena) en Puebla, Agust\u00edn Guerrero Castillo, confirm\u00f3 que ser\u00e1 el s\u00e1bado 2 de marzo cuando se d\u00e9 a conocer la lista de los 26 candidatos a las diputaciones locales y asegur\u00f3 que nuevamente ser\u00e1 un proceso de unidad.<\/p>\n\n\n\n<p>En entrevista, explic\u00f3 que son m\u00e1s de cuatrocientas las personas que se inscribieron buscando una candidatura a una diputaci\u00f3n local, y las mediciones se han llevado a cabo, pero esperar\u00e1n a que pase el inicio de la campa\u00f1a de Claudia Sheinbaum que ser\u00e1 el viernes y posteriormente se dar\u00e1 a conocer la lista de 13 mujeres y 13 hombres que representaran a Morena.<\/p>\n\n\n\n<p>Indic\u00f3 que, al igual que como ocurri\u00f3 en la designaci\u00f3n de los candidatos a las diputaciones federales, habr\u00e1 una reuni\u00f3n de unidad donde se ver\u00e1 la inclusi\u00f3n, pero sobre todo se mostrar\u00e1 la transparencia en las encuestas, para ello se convocar\u00e1 a los m\u00e1s de cuatrocientos interesados.<\/p>\n\n\n\n<p>Respecto a los se\u00f1alamientos de la oposici\u00f3n, Agust\u00edn Guerrero expres\u00f3 que si Morena est\u00e1 arriba en las encuestas, es porque los gobiernos del PRI y del PAN ten\u00edan en completo olvido y abandono a los mexicanos, pues los programas sociales solo llegaban de manera selectiva a algunas personas y por beneficios electorales.<\/p>\n\n\n\n<p>Indic\u00f3 que ahora con el gobierno de la \u00abCuarta Transformaci\u00f3n\u00bb los apoyos son universales porque llegan a los que menos tienen sin distingo alguno.<\/p>\n\n\n\n<p>Insisti\u00f3 en que los gobiernos del PRI y del PAN ten\u00edan olvidados a los mexicanos, ya que los apoyos sociales llegaban solo de manera exclusiva porque antepon\u00edan los intereses electorales a las necesidades de los que menos tienen. Pero ahora con el gobierno de la \u00abCuarta Transformaci\u00f3n\u00bb, la pol\u00edtica social se volvi\u00f3 universal. Esto quiere decir que los apoyos sociales que brinda la federaci\u00f3n son para todas y todos los mexicanos que los necesitan sin distingo alguno.<\/p>\n\n\n\n<p>\u201cMillones de mexicanos de comunidades ind\u00edgenas, de comunidades originarias, de pueblos abandonados en nuestro pa\u00eds, de poblaci\u00f3n abandonada en nuestro pa\u00eds, que no eran seleccionadas por el priismo, por el panismo en sus programas de apoyo social\u201d.<\/p>\n","protected":false},"excerpt":{"rendered":"<p>El secretario general del Movimiento Regeneraci\u00f3n Nacional (Morena) en Puebla, Agust\u00edn Guerrero Castillo, confirm\u00f3 que ser\u00e1 el s\u00e1bado 2 de marzo cuando se d\u00e9 a conocer la lista de los 26 candidatos a las diputaciones locales y asegur\u00f3 que nuevamente ser\u00e1 un proceso de unidad. En entrevista, explic\u00f3 que son m\u00e1s de cuatrocientas las personas [&hellip;]<\/p>\n","protected":false},"author":4,"featured_media":42147,"comment_status":"open","ping_status":"open","sticky":false,"template":"","format":"standard","meta":{"om_disable_all_campaigns":false,"_monsterinsights_skip_tracking":false,"_monsterinsights_sitenote_active":false,"_monsterinsights_sitenote_note":"","_monsterinsights_sitenote_category":0,"footnotes":""},"categories":[175],"tags":[223],"class_list":["post-42146","post","type-post","status-publish","format-standard","has-post-thumbnail","hentry","category-local","tag-puebla"],"amp_enabled":true,"_links":{"self":[{"href":"https:\/\/lahora.mx\/index.php\/wp-json\/wp\/v2\/posts\/42146","targetHints":{"allow":["GET"]}}],"collection":[{"href":"https:\/\/lahora.mx\/index.php\/wp-json\/wp\/v2\/posts"}],"about":[{"href":"https:\/\/lahora.mx\/index.php\/wp-json\/wp\/v2\/types\/post"}],"author":[{"embeddable":true,"href":"https:\/\/lahora.mx\/index.php\/wp-json\/wp\/v2\/users\/4"}],"replies":[{"embeddable":true,"href":"https:\/\/lahora.mx\/index.php\/wp-json\/wp\/v2\/comments?post=42146"}],"version-history":[{"count":1,"href":"https:\/\/lahora.mx\/index.php\/wp-json\/wp\/v2\/posts\/42146\/revisions"}],"predecessor-version":[{"id":42148,"href":"https:\/\/lahora.mx\/index.php\/wp-json\/wp\/v2\/posts\/42146\/revisions\/42148"}],"wp:featuredmedia":[{"embeddable":true,"href":"https:\/\/lahora.mx\/index.php\/wp-json\/wp\/v2\/media\/42147"}],"wp:attachment":[{"href":"https:\/\/lahora.mx\/index.php\/wp-json\/wp\/v2\/media?parent=42146"}],"wp:term":[{"taxonomy":"category","embeddable":true,"href":"https:\/\/lahora.mx\/index.php\/wp-json\/wp\/v2\/categories?post=42146"},{"taxonomy":"post_tag","embeddable":true,"href":"https:\/\/lahora.mx\/index.php\/wp-json\/wp\/v2\/tags?post=42146"}],"curies":[{"name":"wp","href":"https:\/\/api.w.org\/{rel}","templated":true}]}}