{"id":42142,"date":"2024-02-27T00:50:56","date_gmt":"2024-02-27T00:50:56","guid":{"rendered":"http:\/\/lahora.mx\/?p=42142"},"modified":"2024-02-27T00:50:57","modified_gmt":"2024-02-27T00:50:57","slug":"pvem-entrega-a-alejandro-armenta-constancia-de-candidatura-a-gubernatura","status":"publish","type":"post","link":"https:\/\/lahora.mx\/index.php\/2024\/02\/27\/pvem-entrega-a-alejandro-armenta-constancia-de-candidatura-a-gubernatura\/","title":{"rendered":"PVEM entrega a Alejandro Armenta constancia de candidatura a gubernatura"},"content":{"rendered":"\n<p>La dirigente nacional del Partido Verde Ecologista de M\u00e9xico (PVEM), Karen Castrej\u00f3n Trujillo, hizo entrega de la constancia de candidatura a la gubernatura del estado de Puebla al senador Alejandro Armenta Mier.<\/p>\n\n\n\n<p>Militantes del Partido Verde se dieron cita en las instalaciones del Hotel Hilton este 26 de febrero para nombrar de manera oficial a Alejandro Armenta Mier como candidato del PVEM, candidatura que va de la mano con Morena, el Partido del Trabajo (PT), Fuerza por M\u00e9xico y Nueva Alianza.<\/p>\n\n\n\n<p>El candidato, quien se autonombr\u00f3 ambientalista, subray\u00f3 que en su agenda pol\u00edtica prevalecer\u00e1n las causas ambientales, pues \u00abla sustentabilidad y el medio ambiente son eje central\u00bb de su propuesta para el estado.<\/p>\n\n\n\n<p>\u00abMe encanta el Verde. La protecci\u00f3n animal, el cuidado de nuestro ecosistema y el rescate del medio ambiente son temas de suma importancia\u201d, mencion\u00f3 el candidato.<\/p>\n\n\n\n<p>En este sentido, enfatiz\u00f3 que la recuperaci\u00f3n de r\u00edos contaminados y el fomento de la econom\u00eda circular son estrategias claves para un desarrollo sostenible en el estado.<\/p>\n\n\n\n<p>Karen Castrej\u00f3n asegur\u00f3 que el PVEM ser\u00e1 un aliado para el segundo piso de la Cuarta Transformaci\u00f3n, buscando rescatar y priorizar la agenda ecologista en el pa\u00eds, de la mano de perfiles como Alejandro Armenta y Claudia Sheinbaum.<\/p>\n\n\n\n<p>El dirigente estatal del PVEM, Jaime Natale Uranga, expres\u00f3 que el partido ecologista es la cuarta fuerza pol\u00edtica en Puebla, pues gobiernan en 14 ayuntamientos y cuentan con tres diputaciones federales.<\/p>\n\n\n\n<p>\u00abSomos la cuarta fuerza pol\u00edtica que ha mostrado un crecimiento en los \u00faltimos a\u00f1os. Somos un partido con perfiles j\u00f3venes y que adem\u00e1s a nivel federal se ha enfocado en temas ambientales, que son de suma importancia en el pa\u00eds\u201d, dijo Natale.<\/p>\n\n\n\n<p>En este evento tambi\u00e9n se cont\u00f3 con la presencia de Jos\u00e9 Chedraui Budib, Antonio Gali L\u00f3pez, Nora Merino Escamilla, Vianey Garc\u00eda, Rosario Orozco, Olga Romero Garci-Crespo, Eduardo Castillo L\u00f3pez, Adolfo Alatriste Cant\u00fa y M\u00f3nica Silva Ruiz.<\/p>\n","protected":false},"excerpt":{"rendered":"<p>La dirigente nacional del Partido Verde Ecologista de M\u00e9xico (PVEM), Karen Castrej\u00f3n Trujillo, hizo entrega de la constancia de candidatura a la gubernatura del estado de Puebla al senador Alejandro Armenta Mier. Militantes del Partido Verde se dieron cita en las instalaciones del Hotel Hilton este 26 de febrero para nombrar de manera oficial a [&hellip;]<\/p>\n","protected":false},"author":4,"featured_media":42144,"comment_status":"open","ping_status":"open","sticky":false,"template":"","format":"standard","meta":{"om_disable_all_campaigns":false,"_monsterinsights_skip_tracking":false,"_monsterinsights_sitenote_active":false,"_monsterinsights_sitenote_note":"","_monsterinsights_sitenote_category":0,"footnotes":""},"categories":[175],"tags":[128,223],"class_list":["post-42142","post","type-post","status-publish","format-standard","has-post-thumbnail","hentry","category-local","tag-politics","tag-puebla"],"amp_enabled":true,"_links":{"self":[{"href":"https:\/\/lahora.mx\/index.php\/wp-json\/wp\/v2\/posts\/42142","targetHints":{"allow":["GET"]}}],"collection":[{"href":"https:\/\/lahora.mx\/index.php\/wp-json\/wp\/v2\/posts"}],"about":[{"href":"https:\/\/lahora.mx\/index.php\/wp-json\/wp\/v2\/types\/post"}],"author":[{"embeddable":true,"href":"https:\/\/lahora.mx\/index.php\/wp-json\/wp\/v2\/users\/4"}],"replies":[{"embeddable":true,"href":"https:\/\/lahora.mx\/index.php\/wp-json\/wp\/v2\/comments?post=42142"}],"version-history":[{"count":1,"href":"https:\/\/lahora.mx\/index.php\/wp-json\/wp\/v2\/posts\/42142\/revisions"}],"predecessor-version":[{"id":42145,"href":"https:\/\/lahora.mx\/index.php\/wp-json\/wp\/v2\/posts\/42142\/revisions\/42145"}],"wp:featuredmedia":[{"embeddable":true,"href":"https:\/\/lahora.mx\/index.php\/wp-json\/wp\/v2\/media\/42144"}],"wp:attachment":[{"href":"https:\/\/lahora.mx\/index.php\/wp-json\/wp\/v2\/media?parent=42142"}],"wp:term":[{"taxonomy":"category","embeddable":true,"href":"https:\/\/lahora.mx\/index.php\/wp-json\/wp\/v2\/categories?post=42142"},{"taxonomy":"post_tag","embeddable":true,"href":"https:\/\/lahora.mx\/index.php\/wp-json\/wp\/v2\/tags?post=42142"}],"curies":[{"name":"wp","href":"https:\/\/api.w.org\/{rel}","templated":true}]}}