{"id":42127,"date":"2024-02-26T23:59:33","date_gmt":"2024-02-26T23:59:33","guid":{"rendered":"http:\/\/lahora.mx\/?p=42127"},"modified":"2024-02-26T23:59:33","modified_gmt":"2024-02-26T23:59:33","slug":"homenaje-postumo-al-escritor-jose-agustin-en-bellas-artes","status":"publish","type":"post","link":"https:\/\/lahora.mx\/index.php\/2024\/02\/26\/homenaje-postumo-al-escritor-jose-agustin-en-bellas-artes\/","title":{"rendered":"Homenaje p\u00f3stumo al escritor Jos\u00e9 Agust\u00edn en Bellas Artes"},"content":{"rendered":"\n<p>Este fin de semana se rindi\u00f3 un homenaje p\u00f3stumo al escritor Jos\u00e9 Agust\u00edn por parte de la Secretar\u00eda de Cultura federal y el Instituto Nacional de Bellas Artes y Literatura (INBAL). Las cenizas del escritor mexicano fallecido el 17 de enero de 2024 fueron recibidas con aplausos de la comunidad literaria que se dio cita en el vest\u00edbulo principal del Palacio de Bellas Artes. Al homenaje asistieron su esposa Margarita Berm\u00fadez y sus hijos Andr\u00e9s, Jes\u00fas y Agust\u00edn.<\/p>\n\n\n\n<p>El evento en honor a uno de los autores que revolucionaron la literatura mexicana en el siglo XX reuni\u00f3 a la familia, amigos del autor y miembros de la comunidad literaria como la poeta Elsa Cross, el poeta Alberto Blanco y la escritora Elena Poniatowska para reconocer su legado en las letras del pa\u00eds.<\/p>\n\n\n\n<p>Rinden homenaje p\u00f3stumo al escritor Jos\u00e9 Agust\u00edn en Bellas Artes<br>Adem\u00e1s, los acompa\u00f1\u00f3 la secretaria de Cultura federal, Alejandra Frausto Guerrero; la subsecretaria de Desarrollo Cultural, Marina N\u00fa\u00f1ez Bespalova, y la directora general del INBAL, Lucina Jim\u00e9nez.<\/p>\n\n\n\n<p>Margarita Berm\u00fadez, quien fue su compa\u00f1era de vida, agradeci\u00f3 la realizaci\u00f3n del homenaje y asegur\u00f3 que Jos\u00e9 Agust\u00edn hubiera estado feliz de verlos reunidos en torno a \u00e9l. Durante su discurso consider\u00f3 al autor como su maestro y dijo que fue fuente de luz que mostr\u00f3 tantas corrientes literarias, posibilidades infinitas.<\/p>\n\n\n\n<p>\u201cEstil\u00edsticamente creo que nos dej\u00f3 un legado impresionante, disfrutable, fresco y original; ojal\u00e1 que lo sigamos acompa\u00f1ando con la lectura de estos maravillosos textos de por vida. Lo quise mucho, lo am\u00e9 intensamente y creo que \u00e9l a m\u00ed tambi\u00e9n\u201d.<\/p>\n\n\n\n<p>Los hijos del escritor: Jes\u00fas, Agust\u00edn y Andr\u00e9s Ram\u00edrez Berm\u00fadez agradecieron de igual forma el reconocimiento y compartieron algunas de sus an\u00e9cdotas y vivencias familiares. Adem\u00e1s, cada uno a su modo, habl\u00f3 sobre las ense\u00f1anzas que su padre les dej\u00f3 tanto en la formaci\u00f3n humana como en la vida creativa.<\/p>\n\n\n\n<p>La participaci\u00f3n de los amigos del novelista, as\u00ed como la periodista y escritora Elena Poniatowska y los poetas Elsa Cross y Alberto Blanco compartieron la visi\u00f3n literaria y personal que desarroll\u00f3 el autor durante la cercan\u00eda que mantuvieron con \u00e9l desde hace d\u00e9cadas. Cada uno rememor\u00f3 respectivamente el valor de la escritura de Jos\u00e9 Agust\u00edn en tanto al uso del lenguaje, la frescura en temas y su ritmo narrativo caracter\u00edstico.<\/p>\n\n\n\n<p>Por \u00faltimo, la directora general del INBAL pidi\u00f3 al p\u00fablico dedicar de pie un minuto de aplausos para el mexicano: \u201cLlenemos este Palacio de Bellas Artes con un gran aplauso. Comprometamos la literatura de Jos\u00e9 Agust\u00edn contra las nuevas generaciones a las que \u00e9l les sigue hablando, comprometamos en este aplauso el ejercicio de la libertad creativa, de la cual Jos\u00e9 Agust\u00edn ha sido y es un gran ejemplo\u201d, dijo avivando la conmoci\u00f3n de los asistentes.<\/p>\n\n\n\n<p>Luego de esto, iniciaron las guardias de honor con acompa\u00f1amiento musical por parte de los integrantes del grupo La Barranca. Adem\u00e1s de interpretar varias piezas, dedicaron House of the Rising Sun, de Alan Price, una melod\u00eda con arreglos que realizaron especialmente para esta ocasi\u00f3n.<\/p>\n\n\n\n<p>Jos\u00e9 Agust\u00edn es considerado uno de los escritores m\u00e1s representativos de la literatura mexicana e hispanoamericana de la segunda mitad del siglo XX; form\u00f3 parte de la llamada Literatura de la Onda y trascendi\u00f3 generaciones con obras como \u201cLa tumba\u201d, \u201cDe perfil\u201d, \u201cSe est\u00e1 haciendo tarde\u201d, \u201cEl rock de la c\u00e1rcel\u201d, \u201cCiudades desiertas\u201d, \u201cCerca del fuego\u201d, \u201cLa contracultura en M\u00e9xico\u201d y \u201cDos horas de sol\u201d. Adem\u00e1s, se destac\u00f3 como narrador en los g\u00e9neros de la novela, el cuento, la dramaturgia y el guion cinematogr\u00e1fico.<\/p>\n\n\n\n<p>A trav\u00e9s de su carrera literaria, Jos\u00e9 Agust\u00edn mereci\u00f3 diversos galardones como el Premio Nacional de Literatura Juan Ruiz de Alarc\u00f3n, en 1993; el premio Dos oc\u00e9anos, entregado por el Festival Internacional de Biarritz; el de Cine y Cultura de Am\u00e9rica Latina en 1995 por su obra \u201cDos horas de Sol\u201d; la medalla Juan R. Escudero del Puerto de Acapulco en 2005; as\u00ed como la medalla Bellas Artes en 2011, un reconocimiento que otorga el INBAL.<\/p>\n","protected":false},"excerpt":{"rendered":"<p>Este fin de semana se rindi\u00f3 un homenaje p\u00f3stumo al escritor Jos\u00e9 Agust\u00edn por parte de la Secretar\u00eda de Cultura federal y el Instituto Nacional de Bellas Artes y Literatura (INBAL). Las cenizas del escritor mexicano fallecido el 17 de enero de 2024 fueron recibidas con aplausos de la comunidad literaria que se dio cita [&hellip;]<\/p>\n","protected":false},"author":4,"featured_media":42128,"comment_status":"open","ping_status":"open","sticky":false,"template":"","format":"standard","meta":{"om_disable_all_campaigns":false,"_monsterinsights_skip_tracking":false,"_monsterinsights_sitenote_active":false,"_monsterinsights_sitenote_note":"","_monsterinsights_sitenote_category":0,"footnotes":""},"categories":[176],"tags":[223],"class_list":["post-42127","post","type-post","status-publish","format-standard","has-post-thumbnail","hentry","category-nacional","tag-puebla"],"amp_enabled":true,"_links":{"self":[{"href":"https:\/\/lahora.mx\/index.php\/wp-json\/wp\/v2\/posts\/42127","targetHints":{"allow":["GET"]}}],"collection":[{"href":"https:\/\/lahora.mx\/index.php\/wp-json\/wp\/v2\/posts"}],"about":[{"href":"https:\/\/lahora.mx\/index.php\/wp-json\/wp\/v2\/types\/post"}],"author":[{"embeddable":true,"href":"https:\/\/lahora.mx\/index.php\/wp-json\/wp\/v2\/users\/4"}],"replies":[{"embeddable":true,"href":"https:\/\/lahora.mx\/index.php\/wp-json\/wp\/v2\/comments?post=42127"}],"version-history":[{"count":1,"href":"https:\/\/lahora.mx\/index.php\/wp-json\/wp\/v2\/posts\/42127\/revisions"}],"predecessor-version":[{"id":42129,"href":"https:\/\/lahora.mx\/index.php\/wp-json\/wp\/v2\/posts\/42127\/revisions\/42129"}],"wp:featuredmedia":[{"embeddable":true,"href":"https:\/\/lahora.mx\/index.php\/wp-json\/wp\/v2\/media\/42128"}],"wp:attachment":[{"href":"https:\/\/lahora.mx\/index.php\/wp-json\/wp\/v2\/media?parent=42127"}],"wp:term":[{"taxonomy":"category","embeddable":true,"href":"https:\/\/lahora.mx\/index.php\/wp-json\/wp\/v2\/categories?post=42127"},{"taxonomy":"post_tag","embeddable":true,"href":"https:\/\/lahora.mx\/index.php\/wp-json\/wp\/v2\/tags?post=42127"}],"curies":[{"name":"wp","href":"https:\/\/api.w.org\/{rel}","templated":true}]}}