{"id":42096,"date":"2024-02-26T17:47:33","date_gmt":"2024-02-26T17:47:33","guid":{"rendered":"http:\/\/lahora.mx\/?p=42096"},"modified":"2024-02-26T17:47:33","modified_gmt":"2024-02-26T17:47:33","slug":"amlo-arremete-contra-youtube-acusa-censura-por-bajar-mananera","status":"publish","type":"post","link":"https:\/\/lahora.mx\/index.php\/2024\/02\/26\/amlo-arremete-contra-youtube-acusa-censura-por-bajar-mananera\/","title":{"rendered":"AMLO arremete contra YouTube, acusa censura por bajar ma\u00f1anera"},"content":{"rendered":"\n<p>El presidente de M\u00e9xico Andr\u00e9s Manuel L\u00f3pez Obrador se lanz\u00f3 contra YouTube por retirar el video de la ma\u00f1anera del jueves 22 de febrero, en la que difundi\u00f3 el n\u00famero telef\u00f3nico de la jefa de la corresponsal\u00eda del peri\u00f3dico The New York Times en M\u00e9xico. <\/p>\n\n\n\n<p>En su conferencia de prensa matutina de este lunes 26 de febrero, acus\u00f3 que la plataforma est\u00e1 vinculada a \u201cun partido conservador\u201d, por lo que solicit\u00f3 una investigaci\u00f3n sobre el caso, para confirmar que el asunto sea t\u00e9cnico y no pol\u00edtico.<\/p>\n\n\n\n<p>En ese sentido, tambi\u00e9n responsabiliz\u00f3 a Claudio X. Gonz\u00e1lez Laporte, l\u00edder de la agrupaci\u00f3n Unid@s; y a Rub\u00e9n Aguilar Valenzuela, exvocero de Vicente Fox Quezada, de intentar sabotear el esfuerzo del Gobierno Federal por mantener informada a la poblaci\u00f3n.<\/p>\n\n\n\n<p>\u201cYouTube me cepill\u00f3. Tengo informaci\u00f3n que, a lo mejor no lo saben los due\u00f1os de YouTube, pero aprovecho para pedirles que investiguen porque parece que la empresa aqu\u00ed, como suced\u00eda con Twitter, estaba tomada por conservadores, vinculados a un partido conservador\u201d, detall\u00f3 el mandatario.<\/p>\n\n\n\n<p>L\u00f3pez Obrador dijo que tiene conocimiento de varios comunicadores y activistas que est\u00e1n exigiendo que se suspendan las ma\u00f1aneras; no obstante, afirm\u00f3 que s\u00f3lo tendr\u00e1 cuidado \u201cy hablar\u00e1 m\u00e1s despacio\u201d, a fin de evitar confrontaciones futuras.<\/p>\n\n\n\n<p>El d\u00eda de ayer, el presidente se\u00f1al\u00f3 que la plataforma de videos baj\u00f3 el v\u00eddeo en el que ley\u00f3 el correo que conten\u00eda los datos de contacto de Natalie Kitroeff, reportera de The New York Times, algo que tom\u00f3 como censura, aunque en el anuncio que hizo la empresa dec\u00eda que fue por \u201cinfringir las pol\u00edticas de la comunidad\u201d.<\/p>\n\n\n\n<p>Cabe recordar que durante el fin de semana se reportaron una serie de filtraciones similares en contra del hijo de L\u00f3pez Obrador, Jos\u00e9 Ram\u00f3n L\u00f3pez Beltr\u00e1n; la candidata de Morena a la presidencia de M\u00e9xico, Claudia Sheinbaum Pardo; el vocero de presidencia, Jes\u00fas Ram\u00edrez Cuevas; y la candidata de la coalici\u00f3n Fuerza y Coraz\u00f3n por M\u00e9xico (PAN-PRI-PRD), X\u00f3chitl G\u00e1lvez Ruiz.<\/p>\n","protected":false},"excerpt":{"rendered":"<p>El presidente de M\u00e9xico Andr\u00e9s Manuel L\u00f3pez Obrador se lanz\u00f3 contra YouTube por retirar el video de la ma\u00f1anera del jueves 22 de febrero, en la que difundi\u00f3 el n\u00famero telef\u00f3nico de la jefa de la corresponsal\u00eda del peri\u00f3dico The New York Times en M\u00e9xico. En su conferencia de prensa matutina de este lunes 26 [&hellip;]<\/p>\n","protected":false},"author":4,"featured_media":42097,"comment_status":"open","ping_status":"open","sticky":false,"template":"","format":"standard","meta":{"om_disable_all_campaigns":false,"_monsterinsights_skip_tracking":false,"_monsterinsights_sitenote_active":false,"_monsterinsights_sitenote_note":"","_monsterinsights_sitenote_category":0,"footnotes":""},"categories":[176],"tags":[],"class_list":["post-42096","post","type-post","status-publish","format-standard","has-post-thumbnail","hentry","category-nacional"],"amp_enabled":true,"_links":{"self":[{"href":"https:\/\/lahora.mx\/index.php\/wp-json\/wp\/v2\/posts\/42096","targetHints":{"allow":["GET"]}}],"collection":[{"href":"https:\/\/lahora.mx\/index.php\/wp-json\/wp\/v2\/posts"}],"about":[{"href":"https:\/\/lahora.mx\/index.php\/wp-json\/wp\/v2\/types\/post"}],"author":[{"embeddable":true,"href":"https:\/\/lahora.mx\/index.php\/wp-json\/wp\/v2\/users\/4"}],"replies":[{"embeddable":true,"href":"https:\/\/lahora.mx\/index.php\/wp-json\/wp\/v2\/comments?post=42096"}],"version-history":[{"count":1,"href":"https:\/\/lahora.mx\/index.php\/wp-json\/wp\/v2\/posts\/42096\/revisions"}],"predecessor-version":[{"id":42098,"href":"https:\/\/lahora.mx\/index.php\/wp-json\/wp\/v2\/posts\/42096\/revisions\/42098"}],"wp:featuredmedia":[{"embeddable":true,"href":"https:\/\/lahora.mx\/index.php\/wp-json\/wp\/v2\/media\/42097"}],"wp:attachment":[{"href":"https:\/\/lahora.mx\/index.php\/wp-json\/wp\/v2\/media?parent=42096"}],"wp:term":[{"taxonomy":"category","embeddable":true,"href":"https:\/\/lahora.mx\/index.php\/wp-json\/wp\/v2\/categories?post=42096"},{"taxonomy":"post_tag","embeddable":true,"href":"https:\/\/lahora.mx\/index.php\/wp-json\/wp\/v2\/tags?post=42096"}],"curies":[{"name":"wp","href":"https:\/\/api.w.org\/{rel}","templated":true}]}}