{"id":41875,"date":"2024-02-21T00:05:07","date_gmt":"2024-02-21T00:05:07","guid":{"rendered":"http:\/\/lahora.mx\/?p=41875"},"modified":"2024-02-21T00:05:08","modified_gmt":"2024-02-21T00:05:08","slug":"xochitl-galvez-se-registra-ante-el-ine-como-candidata-presidencial","status":"publish","type":"post","link":"https:\/\/lahora.mx\/index.php\/2024\/02\/21\/xochitl-galvez-se-registra-ante-el-ine-como-candidata-presidencial\/","title":{"rendered":"X\u00f3chitl G\u00e1lvez se registra ante el INE como candidata presidencial"},"content":{"rendered":"\n<p>X\u00f3chitl G\u00e1lvez ya es oficialmente candidata presidencial para las elecciones de 2024 luego de que hoy 20 de febrero se registrara ante el Instituto Nacional Electoral (INE) como la abanderada de los partidos Acci\u00f3n Nacional (PAN), del Revolucionario Institucional (PRI) y de la Revoluci\u00f3n Democr\u00e1tica (PRD).<\/p>\n\n\n\n<p>En bicicleta, la senadora con licencia acudi\u00f3 este martes a la sede nacional del INE a presentar los documentos para su registro como candidata presidencial por la coalici\u00f3n denominada Fuerza y Coraz\u00f3n por M\u00e9xico.<\/p>\n\n\n\n<p>Arropada por los l\u00edderes del PAN, Marko Cort\u00e9s; del PRI, Alejandro Moreno; del PRD, Jes\u00fas Zambrano, X\u00f3chitl G\u00e1lvez oficializ\u00f3 su registro por la Presidencia. Tambi\u00e9n estuvo acompa\u00f1ada por otros miembros de Acci\u00f3n Nacional como Josefina V\u00e1zquez Mota, quien en su momento tambi\u00e9n fue una aspirante presidencial.<\/p>\n\n\n\n<p>Registro de X\u00f3chitl G\u00e1lvez ante el INE como candidata presidencial<br>X\u00f3chitl G\u00e1lvez estuvo acompa\u00f1ada en su registro ante el INE por los l\u00edderes del PAN, PRI y PRD. (Mateo Reyes)<\/p>\n\n\n\n<p>Al grito de \u00ab\u00a1Presidenta, presidenta!\u00bb, G\u00e1lvez fue recibida por los asistentes a su registro como candidata presidencial, por lo que no pudo ocultar su emoci\u00f3n al entregar los documentos requeridos. Tras ello, la panista pidi\u00f3 guardar un minuto de silencio por la muerte de Carlos Urz\u00faa, quien se hab\u00eda unido a su equipo a finales de 2023.<\/p>\n\n\n\n<p>Democracia se construye con la gente: X\u00f3chitl G\u00e1lvez<br>Tras su registro como candidata presidencial, X\u00f3chitl G\u00e1lvez emiti\u00f3 un discurso en el asegur\u00f3 que la democracia se construye con la gente y la defensa de las instituciones democr\u00e1ticas.<\/p>\n\n\n\n<p>\u00abEl hecho de que pensemos diferente, no debe ser motivo para el discurso del odio o el insulto. Yo solo quiero un M\u00e9xico donde se escuche la voz de la plaza p\u00fablica. La pluralidad necesita de la democracia\u00bb, se\u00f1al\u00f3.<\/p>\n\n\n\n<p>Registro de X\u00f3chitl G\u00e1lvez ante el INE como candidata presidencial<br>X\u00f3chitl G\u00e1lvez llam\u00f3 a la reconciliaci\u00f3n en su discurso tras su registro ante el INE. (Reuters)<\/p>\n\n\n\n<p>Pidi\u00f3 que las autoridades no interfieran en el proceso electoral y se\u00f1al\u00f3 que tampoco se debe permitir que el crimen organizado participe en el proceso electoral.<\/p>\n\n\n\n<p>\u201cCierro con una convocatoria a la reconciliaci\u00f3n\u201d, y recordando al poeta Carlos Pellicer, dijo que \u201cla patria es para todos\u201d, coment\u00f3 en medio de porras de \u00ab\u00a1Presidenta, presidenta!\u00bb.<\/p>\n\n\n\n<p>X\u00f3chitl G\u00e1lvez llega en bicicleta al INE para su registro<br>Fiel a su estilo, X\u00f3chitl G\u00e1lvez decidi\u00f3 tomar la bicicleta para trasladarse hasta la sede el INE, ubicada en Viaducto-Tlapan, donde este martes oficializ\u00f3 su registro como la candidata presidencial de la coaliaci\u00f3n entre el PAN, PRI y PRD. Durante su trayecto estuvo acompa\u00f1ada por algunos colaboradores y otros ciclistas.<\/p>\n\n\n\n<p>Al concluir el discurso que pronunciar\u00eda tras su discurso, la senadora con licencia se subi\u00f3 a la bicicleta para formalizar sus aspiraciones presidenciales en las elecciones de 2024 ante el \u00f3rgano electoral. Su recorrido incluy\u00f3 el Perif\u00e9rico donde hab\u00eda congestionamiento vial.<\/p>\n\n\n\n<p>X\u00f3chitl G\u00e1lvez en bicicleta para su registro ante el INE<br>G\u00e1lvez busc\u00f3 apresurar el paso para llegar al INE, por lo que eludi\u00f3 algunos veh\u00edculos. \u00abDiez a\u00f1os de rodar en la ciudad\u00bb, dijo ante los alhagos de dos ciclistas que la acompa\u00f1aron hasta la sede del \u00f3rgano electoral y destacaron sus maniobras en el volante.<\/p>\n","protected":false},"excerpt":{"rendered":"<p>X\u00f3chitl G\u00e1lvez ya es oficialmente candidata presidencial para las elecciones de 2024 luego de que hoy 20 de febrero se registrara ante el Instituto Nacional Electoral (INE) como la abanderada de los partidos Acci\u00f3n Nacional (PAN), del Revolucionario Institucional (PRI) y de la Revoluci\u00f3n Democr\u00e1tica (PRD). En bicicleta, la senadora con licencia acudi\u00f3 este martes [&hellip;]<\/p>\n","protected":false},"author":4,"featured_media":41876,"comment_status":"open","ping_status":"open","sticky":false,"template":"","format":"standard","meta":{"om_disable_all_campaigns":false,"_monsterinsights_skip_tracking":false,"_monsterinsights_sitenote_active":false,"_monsterinsights_sitenote_note":"","_monsterinsights_sitenote_category":0,"footnotes":""},"categories":[176,5],"tags":[128,223],"class_list":["post-41875","post","type-post","status-publish","format-standard","has-post-thumbnail","hentry","category-nacional","category-politica","tag-politics","tag-puebla"],"amp_enabled":true,"_links":{"self":[{"href":"https:\/\/lahora.mx\/index.php\/wp-json\/wp\/v2\/posts\/41875","targetHints":{"allow":["GET"]}}],"collection":[{"href":"https:\/\/lahora.mx\/index.php\/wp-json\/wp\/v2\/posts"}],"about":[{"href":"https:\/\/lahora.mx\/index.php\/wp-json\/wp\/v2\/types\/post"}],"author":[{"embeddable":true,"href":"https:\/\/lahora.mx\/index.php\/wp-json\/wp\/v2\/users\/4"}],"replies":[{"embeddable":true,"href":"https:\/\/lahora.mx\/index.php\/wp-json\/wp\/v2\/comments?post=41875"}],"version-history":[{"count":1,"href":"https:\/\/lahora.mx\/index.php\/wp-json\/wp\/v2\/posts\/41875\/revisions"}],"predecessor-version":[{"id":41877,"href":"https:\/\/lahora.mx\/index.php\/wp-json\/wp\/v2\/posts\/41875\/revisions\/41877"}],"wp:featuredmedia":[{"embeddable":true,"href":"https:\/\/lahora.mx\/index.php\/wp-json\/wp\/v2\/media\/41876"}],"wp:attachment":[{"href":"https:\/\/lahora.mx\/index.php\/wp-json\/wp\/v2\/media?parent=41875"}],"wp:term":[{"taxonomy":"category","embeddable":true,"href":"https:\/\/lahora.mx\/index.php\/wp-json\/wp\/v2\/categories?post=41875"},{"taxonomy":"post_tag","embeddable":true,"href":"https:\/\/lahora.mx\/index.php\/wp-json\/wp\/v2\/tags?post=41875"}],"curies":[{"name":"wp","href":"https:\/\/api.w.org\/{rel}","templated":true}]}}