{"id":41825,"date":"2024-02-20T01:48:31","date_gmt":"2024-02-20T01:48:31","guid":{"rendered":"http:\/\/lahora.mx\/?p=41825"},"modified":"2024-02-20T01:48:31","modified_gmt":"2024-02-20T01:48:31","slug":"una-de-las-alpinistas-rescatadas-en-el-pico-de-orizaba-fallece-por-lesiones","status":"publish","type":"post","link":"https:\/\/lahora.mx\/index.php\/2024\/02\/20\/una-de-las-alpinistas-rescatadas-en-el-pico-de-orizaba-fallece-por-lesiones\/","title":{"rendered":"Una de las alpinistas rescatadas en el Pico de Orizaba  fallece por lesiones"},"content":{"rendered":"\n<p>Una mujer alpinista perteneciente al grupo de los Barracracks que fue rescatada el pasado domingo en el Citlalt\u00e9petl o Pico de Orizaba, falleci\u00f3 este lunes, confirm\u00f3 la Coordinaci\u00f3n General de Protecci\u00f3n Civil del Estado de Puebla.<\/p>\n\n\n\n<p>De acuerdo con el parte m\u00e9dico, la alpinista fue rescatada con m\u00faltiples lesiones y con hipotermia, por lo que su estado de salud fue delicado en todo momento.<br>El cuerpo de Jessica N., permanecer\u00e1 en las instalaciones de la Fiscal\u00eda General del Estado, en sus oficinas de Ciudad Serd\u00e1n, en espera de que sus familiares puedan arribar para hacer el reclamo de manera oficial.<\/p>\n\n\n\n<p>Tambi\u00e9n se inform\u00f3 que hasta el momento se encuentran dos hombres desaparecidos, uno de ellos se trata del gu\u00eda, de nombre Luis, por lo tanto, los grupos de rescate mantienen un operativo de b\u00fasqueda en la monta\u00f1a.<\/p>\n\n\n\n<p>\u201cSe precisa que fueron un total de 12 personas las que ascendieron, de las cuales falta localizar a Luis N. y Jos\u00e9 Luis N., quienes probablemente bajaron por el lado de Orizaba\u201d, inform\u00f3 la Secretar\u00eda de Gobernaci\u00f3n (Segob).<\/p>\n\n\n\n<p>Los rescatistas aseguran que este lunes es de vital importancia para localizar a los miembros faltantes, ya que el clima ha permitido que las acciones sean con mayor agilidad, y se ha comenzado un rastreo en las faldas de la monta\u00f1a.<\/p>\n\n\n\n<p>Aunque tienen esperanzas de encontrarlos con vida, han disminuido debido a las condiciones en las que fueron encontrados los \u00faltimos dos integrantes.<\/p>\n\n\n\n<p>Recordemos que los 12 alpinistas ascendieron el pasado s\u00e1bado 17 de febrero, esto a pesar de las advertencias clim\u00e1ticas que exist\u00edan en la zona. Tras el ascenso, perdieron la ruta y el equipo de divido debido a las condiciones del clima.<\/p>\n\n\n\n<p>Los rescatistas aseguran que este lunes es de vital importancia para localizar a los miembros faltantes. <br>Solo seis integrantes lograron descender por el lado de Atzizintla y encontraron refugio en Chalchicomula de Sesma, mientras otros dos integrantes fueron localizados en un estado de salud muy delicado.<\/p>\n","protected":false},"excerpt":{"rendered":"<p>Una mujer alpinista perteneciente al grupo de los Barracracks que fue rescatada el pasado domingo en el Citlalt\u00e9petl o Pico de Orizaba, falleci\u00f3 este lunes, confirm\u00f3 la Coordinaci\u00f3n General de Protecci\u00f3n Civil del Estado de Puebla. De acuerdo con el parte m\u00e9dico, la alpinista fue rescatada con m\u00faltiples lesiones y con hipotermia, por lo que [&hellip;]<\/p>\n","protected":false},"author":4,"featured_media":41826,"comment_status":"open","ping_status":"open","sticky":false,"template":"","format":"standard","meta":{"om_disable_all_campaigns":false,"_monsterinsights_skip_tracking":false,"_monsterinsights_sitenote_active":false,"_monsterinsights_sitenote_note":"","_monsterinsights_sitenote_category":0,"footnotes":""},"categories":[175,176],"tags":[195,223],"class_list":["post-41825","post","type-post","status-publish","format-standard","has-post-thumbnail","hentry","category-local","category-nacional","tag-principal","tag-puebla"],"amp_enabled":true,"_links":{"self":[{"href":"https:\/\/lahora.mx\/index.php\/wp-json\/wp\/v2\/posts\/41825","targetHints":{"allow":["GET"]}}],"collection":[{"href":"https:\/\/lahora.mx\/index.php\/wp-json\/wp\/v2\/posts"}],"about":[{"href":"https:\/\/lahora.mx\/index.php\/wp-json\/wp\/v2\/types\/post"}],"author":[{"embeddable":true,"href":"https:\/\/lahora.mx\/index.php\/wp-json\/wp\/v2\/users\/4"}],"replies":[{"embeddable":true,"href":"https:\/\/lahora.mx\/index.php\/wp-json\/wp\/v2\/comments?post=41825"}],"version-history":[{"count":1,"href":"https:\/\/lahora.mx\/index.php\/wp-json\/wp\/v2\/posts\/41825\/revisions"}],"predecessor-version":[{"id":41827,"href":"https:\/\/lahora.mx\/index.php\/wp-json\/wp\/v2\/posts\/41825\/revisions\/41827"}],"wp:featuredmedia":[{"embeddable":true,"href":"https:\/\/lahora.mx\/index.php\/wp-json\/wp\/v2\/media\/41826"}],"wp:attachment":[{"href":"https:\/\/lahora.mx\/index.php\/wp-json\/wp\/v2\/media?parent=41825"}],"wp:term":[{"taxonomy":"category","embeddable":true,"href":"https:\/\/lahora.mx\/index.php\/wp-json\/wp\/v2\/categories?post=41825"},{"taxonomy":"post_tag","embeddable":true,"href":"https:\/\/lahora.mx\/index.php\/wp-json\/wp\/v2\/tags?post=41825"}],"curies":[{"name":"wp","href":"https:\/\/api.w.org\/{rel}","templated":true}]}}