{"id":41822,"date":"2024-02-20T01:42:00","date_gmt":"2024-02-20T01:42:00","guid":{"rendered":"http:\/\/lahora.mx\/?p=41822"},"modified":"2024-02-20T01:42:01","modified_gmt":"2024-02-20T01:42:01","slug":"se-requiere-inversion-privada-para-reactivar-el-proyecto-de-la-central-de-abasto-menciona-la-gobernador-lorena-cuellar","status":"publish","type":"post","link":"https:\/\/lahora.mx\/index.php\/2024\/02\/20\/se-requiere-inversion-privada-para-reactivar-el-proyecto-de-la-central-de-abasto-menciona-la-gobernador-lorena-cuellar\/","title":{"rendered":"Se requiere inversi\u00f3n privada para reactivar el proyecto de la Central de Abasto menciona la gobernador Lorena Cu\u00e9llar"},"content":{"rendered":"\n<p>La gobernadora, Lorena Cu\u00e9llar Cisneros, declar\u00f3 que su administraci\u00f3n busca inversores privados para reactivar el proyecto de la Central de Abastos en el municipio de Xaltocan.<\/p>\n\n\n\n<p>Detall\u00f3 que, al tratarse de una reconstrucci\u00f3n de instalaciones y puesta en marcha desde cero de actividades comerciales, su costo es muy alto y por lo tanto se tienen que encontrar inversionistas dispuestos a arriesgar en una oportunidad de negocios.<\/p>\n\n\n\n<p>Por otro lado, en el caso de lo que ser\u00e1 la Central Camionera y de Abastos en Huamantla en un predio que fue donado por la Federaci\u00f3n, la inversi\u00f3n y puesta en marcha es m\u00e1s viable pues se necesitan unos 150 millones de pesos y su administraci\u00f3n se pondr\u00e1 en manos del Ayuntamiento.<\/p>\n\n\n\n<p>La mandataria descart\u00f3 que el Gobierno de M\u00e9xico vaya a aportar recursos extraordinarios a Tlaxcala para alg\u00fan proyecto de alto impacto, toda vez que el presidente M\u00e9xico les ha notificado que en su \u00faltimo a\u00f1o de gesti\u00f3n, se abocar\u00e1 a concluir las obras y acciones gubernamentales que tiene proyectadas a nivel nacional.<\/p>\n\n\n\n<p>Sin embargo, asever\u00f3 que el legado de apoyo al Estado que dejar\u00e1 L\u00f3pez Obrador ser\u00e1 muy importante y que no dejar\u00e1 nada pendiente, de tal forma que los planes de infraestructura para los pr\u00f3ximos a\u00f1os para Tlaxcala ser\u00e1n atendidos por la pr\u00f3xima presidenta del pa\u00eds.<\/p>\n","protected":false},"excerpt":{"rendered":"<p>La gobernadora, Lorena Cu\u00e9llar Cisneros, declar\u00f3 que su administraci\u00f3n busca inversores privados para reactivar el proyecto de la Central de Abastos en el municipio de Xaltocan. Detall\u00f3 que, al tratarse de una reconstrucci\u00f3n de instalaciones y puesta en marcha desde cero de actividades comerciales, su costo es muy alto y por lo tanto se tienen [&hellip;]<\/p>\n","protected":false},"author":4,"featured_media":41823,"comment_status":"open","ping_status":"open","sticky":false,"template":"","format":"standard","meta":{"om_disable_all_campaigns":false,"_monsterinsights_skip_tracking":false,"_monsterinsights_sitenote_active":false,"_monsterinsights_sitenote_note":"","_monsterinsights_sitenote_category":0,"footnotes":""},"categories":[175],"tags":[223,210],"class_list":["post-41822","post","type-post","status-publish","format-standard","has-post-thumbnail","hentry","category-local","tag-puebla","tag-tlaxcala"],"amp_enabled":true,"_links":{"self":[{"href":"https:\/\/lahora.mx\/index.php\/wp-json\/wp\/v2\/posts\/41822","targetHints":{"allow":["GET"]}}],"collection":[{"href":"https:\/\/lahora.mx\/index.php\/wp-json\/wp\/v2\/posts"}],"about":[{"href":"https:\/\/lahora.mx\/index.php\/wp-json\/wp\/v2\/types\/post"}],"author":[{"embeddable":true,"href":"https:\/\/lahora.mx\/index.php\/wp-json\/wp\/v2\/users\/4"}],"replies":[{"embeddable":true,"href":"https:\/\/lahora.mx\/index.php\/wp-json\/wp\/v2\/comments?post=41822"}],"version-history":[{"count":1,"href":"https:\/\/lahora.mx\/index.php\/wp-json\/wp\/v2\/posts\/41822\/revisions"}],"predecessor-version":[{"id":41824,"href":"https:\/\/lahora.mx\/index.php\/wp-json\/wp\/v2\/posts\/41822\/revisions\/41824"}],"wp:featuredmedia":[{"embeddable":true,"href":"https:\/\/lahora.mx\/index.php\/wp-json\/wp\/v2\/media\/41823"}],"wp:attachment":[{"href":"https:\/\/lahora.mx\/index.php\/wp-json\/wp\/v2\/media?parent=41822"}],"wp:term":[{"taxonomy":"category","embeddable":true,"href":"https:\/\/lahora.mx\/index.php\/wp-json\/wp\/v2\/categories?post=41822"},{"taxonomy":"post_tag","embeddable":true,"href":"https:\/\/lahora.mx\/index.php\/wp-json\/wp\/v2\/tags?post=41822"}],"curies":[{"name":"wp","href":"https:\/\/api.w.org\/{rel}","templated":true}]}}