{"id":41816,"date":"2024-02-19T21:18:37","date_gmt":"2024-02-19T21:18:37","guid":{"rendered":"http:\/\/lahora.mx\/?p=41816"},"modified":"2024-02-19T21:18:38","modified_gmt":"2024-02-19T21:18:38","slug":"abdala-sera-coordinador-de-campana-de-armenta","status":"publish","type":"post","link":"https:\/\/lahora.mx\/index.php\/2024\/02\/19\/abdala-sera-coordinador-de-campana-de-armenta\/","title":{"rendered":"Abdala ser\u00e1 coordinador de campa\u00f1a de Armenta"},"content":{"rendered":"\n<p>Alejandro Armenta Mier, Coordinador Estatal de la 4T, confirm\u00f3 que Rodrigo Abdala Dartigues ser\u00e1 su coordinador de campa\u00f1a, que arrancar\u00e1 el 31 de marzo en Puebla, y agradeci\u00f3 el apoyo que le ha brindado desde el 2017.<\/p>\n\n\n\n<p>En rueda de prensa, Armenta Mier calific\u00f3 como un morenista puro al exdelegado de Bienestar en Puebla. Record\u00f3 que fue uno de los primeros en formar el movimiento y que hizo posible que la transformaci\u00f3n llegara a la entidad poblana.<\/p>\n\n\n\n<p>\u201cVoy a hacer una confesi\u00f3n, ya me acept\u00f3 ser coordinador de campa\u00f1a. Entonces, ellos dejan ir a sus cuadros valiosos, de verdad\u201d, revel\u00f3 el senador de la Rep\u00fablica por Puebla.<\/p>\n\n\n\n<p>Tambi\u00e9n record\u00f3 que fue Abdala Dartigues quien lo present\u00f3 ante las comunidades en Zacatl\u00e1n y Huauchinango para formar los Comit\u00e9s de Defensa en aquellas regiones, y siempre fue muy atento con \u00e9l y lo ayud\u00f3 en su trayectoria pol\u00edtica.<\/p>\n\n\n\n<p>Esto de cara a la integraci\u00f3n de su equipo de trabajo de la campa\u00f1a electoral que se celebrar\u00e1 en Puebla del 31 de marzo al 30 de mayo. Por lo tanto, en pr\u00f3ximos d\u00edas estar\u00e1 diciendo qu\u00e9 otros perfiles estar\u00e1n en su campa\u00f1a.<\/p>\n","protected":false},"excerpt":{"rendered":"<p>Alejandro Armenta Mier, Coordinador Estatal de la 4T, confirm\u00f3 que Rodrigo Abdala Dartigues ser\u00e1 su coordinador de campa\u00f1a, que arrancar\u00e1 el 31 de marzo en Puebla, y agradeci\u00f3 el apoyo que le ha brindado desde el 2017. En rueda de prensa, Armenta Mier calific\u00f3 como un morenista puro al exdelegado de Bienestar en Puebla. Record\u00f3 [&hellip;]<\/p>\n","protected":false},"author":4,"featured_media":41817,"comment_status":"open","ping_status":"open","sticky":false,"template":"","format":"standard","meta":{"om_disable_all_campaigns":false,"_monsterinsights_skip_tracking":false,"_monsterinsights_sitenote_active":false,"_monsterinsights_sitenote_note":"","_monsterinsights_sitenote_category":0,"footnotes":""},"categories":[175],"tags":[223],"class_list":["post-41816","post","type-post","status-publish","format-standard","has-post-thumbnail","hentry","category-local","tag-puebla"],"amp_enabled":true,"_links":{"self":[{"href":"https:\/\/lahora.mx\/index.php\/wp-json\/wp\/v2\/posts\/41816","targetHints":{"allow":["GET"]}}],"collection":[{"href":"https:\/\/lahora.mx\/index.php\/wp-json\/wp\/v2\/posts"}],"about":[{"href":"https:\/\/lahora.mx\/index.php\/wp-json\/wp\/v2\/types\/post"}],"author":[{"embeddable":true,"href":"https:\/\/lahora.mx\/index.php\/wp-json\/wp\/v2\/users\/4"}],"replies":[{"embeddable":true,"href":"https:\/\/lahora.mx\/index.php\/wp-json\/wp\/v2\/comments?post=41816"}],"version-history":[{"count":1,"href":"https:\/\/lahora.mx\/index.php\/wp-json\/wp\/v2\/posts\/41816\/revisions"}],"predecessor-version":[{"id":41818,"href":"https:\/\/lahora.mx\/index.php\/wp-json\/wp\/v2\/posts\/41816\/revisions\/41818"}],"wp:featuredmedia":[{"embeddable":true,"href":"https:\/\/lahora.mx\/index.php\/wp-json\/wp\/v2\/media\/41817"}],"wp:attachment":[{"href":"https:\/\/lahora.mx\/index.php\/wp-json\/wp\/v2\/media?parent=41816"}],"wp:term":[{"taxonomy":"category","embeddable":true,"href":"https:\/\/lahora.mx\/index.php\/wp-json\/wp\/v2\/categories?post=41816"},{"taxonomy":"post_tag","embeddable":true,"href":"https:\/\/lahora.mx\/index.php\/wp-json\/wp\/v2\/tags?post=41816"}],"curies":[{"name":"wp","href":"https:\/\/api.w.org\/{rel}","templated":true}]}}