{"id":41812,"date":"2024-02-19T20:01:26","date_gmt":"2024-02-19T20:01:26","guid":{"rendered":"http:\/\/lahora.mx\/?p=41812"},"modified":"2024-02-19T20:01:27","modified_gmt":"2024-02-19T20:01:27","slug":"el-gobernador-sergio-salomon-junto-a-amlo-celebran-el-fin-de-la-huelga-en-audi-tras-acuerdo-salarial","status":"publish","type":"post","link":"https:\/\/lahora.mx\/index.php\/2024\/02\/19\/el-gobernador-sergio-salomon-junto-a-amlo-celebran-el-fin-de-la-huelga-en-audi-tras-acuerdo-salarial\/","title":{"rendered":"El gobernador Sergio Salom\u00f3n junto a AMLO celebran el fin de la huelga en Audi tras acuerdo salarial"},"content":{"rendered":"\n<p>El gobernador de Puebla, Sergio Salom\u00f3n C\u00e9spedes Peregrina, celebr\u00f3 el fin de la huelga en Audi M\u00e9xico tras llegar a un acuerdo salarial el domingo por la noche.<\/p>\n\n\n\n<p>Durante la conferencia matutina del presidente Andr\u00e9s Manuel L\u00f3pez Obrador el lunes 19 de febrero en Palacio Nacional, C\u00e9spedes resalt\u00f3 el aumento salarial del 10.2% para los trabajadores de la planta en San Jos\u00e9 Chiapa, Puebla. Este incremento se distribuye en un 7.0% directo al salario y un 3.3% en prestaciones.<\/p>\n\n\n\n<p>El gobernador tambi\u00e9n destac\u00f3 la atracci\u00f3n de una nueva inversi\u00f3n de Volkswagen de M\u00e9xico por 942 millones de d\u00f3lares para impulsar la electromovilidad en el estado. Esta inversi\u00f3n impulsar\u00e1 la transici\u00f3n de la planta de Audi de la combusti\u00f3n interna a la electromovilidad.<\/p>\n\n\n\n<p>Durante su intervenci\u00f3n ante L\u00f3pez Obrador, C\u00e9spedes resalt\u00f3 la construcci\u00f3n de diversas obras y reafirm\u00f3 el compromiso de su gobierno con los valores de honestidad y transparencia.<\/p>\n","protected":false},"excerpt":{"rendered":"<p>El gobernador de Puebla, Sergio Salom\u00f3n C\u00e9spedes Peregrina, celebr\u00f3 el fin de la huelga en Audi M\u00e9xico tras llegar a un acuerdo salarial el domingo por la noche. Durante la conferencia matutina del presidente Andr\u00e9s Manuel L\u00f3pez Obrador el lunes 19 de febrero en Palacio Nacional, C\u00e9spedes resalt\u00f3 el aumento salarial del 10.2% para los [&hellip;]<\/p>\n","protected":false},"author":4,"featured_media":41814,"comment_status":"open","ping_status":"open","sticky":false,"template":"","format":"standard","meta":{"om_disable_all_campaigns":false,"_monsterinsights_skip_tracking":false,"_monsterinsights_sitenote_active":false,"_monsterinsights_sitenote_note":"","_monsterinsights_sitenote_category":0,"footnotes":""},"categories":[175],"tags":[195,223],"class_list":["post-41812","post","type-post","status-publish","format-standard","has-post-thumbnail","hentry","category-local","tag-principal","tag-puebla"],"amp_enabled":true,"_links":{"self":[{"href":"https:\/\/lahora.mx\/index.php\/wp-json\/wp\/v2\/posts\/41812","targetHints":{"allow":["GET"]}}],"collection":[{"href":"https:\/\/lahora.mx\/index.php\/wp-json\/wp\/v2\/posts"}],"about":[{"href":"https:\/\/lahora.mx\/index.php\/wp-json\/wp\/v2\/types\/post"}],"author":[{"embeddable":true,"href":"https:\/\/lahora.mx\/index.php\/wp-json\/wp\/v2\/users\/4"}],"replies":[{"embeddable":true,"href":"https:\/\/lahora.mx\/index.php\/wp-json\/wp\/v2\/comments?post=41812"}],"version-history":[{"count":1,"href":"https:\/\/lahora.mx\/index.php\/wp-json\/wp\/v2\/posts\/41812\/revisions"}],"predecessor-version":[{"id":41815,"href":"https:\/\/lahora.mx\/index.php\/wp-json\/wp\/v2\/posts\/41812\/revisions\/41815"}],"wp:featuredmedia":[{"embeddable":true,"href":"https:\/\/lahora.mx\/index.php\/wp-json\/wp\/v2\/media\/41814"}],"wp:attachment":[{"href":"https:\/\/lahora.mx\/index.php\/wp-json\/wp\/v2\/media?parent=41812"}],"wp:term":[{"taxonomy":"category","embeddable":true,"href":"https:\/\/lahora.mx\/index.php\/wp-json\/wp\/v2\/categories?post=41812"},{"taxonomy":"post_tag","embeddable":true,"href":"https:\/\/lahora.mx\/index.php\/wp-json\/wp\/v2\/tags?post=41812"}],"curies":[{"name":"wp","href":"https:\/\/api.w.org\/{rel}","templated":true}]}}