{"id":41806,"date":"2024-02-19T18:12:27","date_gmt":"2024-02-19T18:12:27","guid":{"rendered":"http:\/\/lahora.mx\/?p=41806"},"modified":"2024-02-19T18:12:28","modified_gmt":"2024-02-19T18:12:28","slug":"cierran-la-torre-eiffel-por-huelga-en-francia","status":"publish","type":"post","link":"https:\/\/lahora.mx\/index.php\/2024\/02\/19\/cierran-la-torre-eiffel-por-huelga-en-francia\/","title":{"rendered":"Cierran la Torre Eiffel por huelga en Francia"},"content":{"rendered":"\n<p>Trabajadores de la Torre Eiffel se fueron a huelga este 19 de febrero debido a una presunta mala administraci\u00f3n del edificio, por lo que el ic\u00f3nico inmueble franc\u00e9s de 300 metros de altura amaneci\u00f3 este lunes sin acceso para visitantes nacionales y turistas.<\/p>\n\n\n\n<p>El paro sucede a meses de comenzar los Juegos Ol\u00edmpicos de Par\u00eds, Francia; quienes deseaban acceder al monumento se enteraron de la noticia con un cartel gigante ubicado afuera de la estructura en que se le\u00eda \u201cDebido a una huelga, la Torre Eiffel est\u00e1 cerrada. Les pedimos disculpas\u201d.<\/p>\n\n\n\n<p>\u00bfPor qu\u00e9 estall\u00f3 la huelga en la Torre Eiffel?<br>Las peticiones de los trabajadores parisinos se centran en dos diferentes t\u00f3picos: aumento salarial proporcional a las ganancias de la atracci\u00f3n; mejora en la infraestructura del edificio, as\u00ed como de la indumentaria y herramientas de labor a trav\u00e9s de aumento en el presupuesto de mantenimiento.<br>Los distintos dirigentes de los sindicatos de trabajadores de la Torre Eiffel aseguran que la empresa Societe d&#8217;Exploitation de la Tour Eiffel (SETE), cuyo due\u00f1o en 99 por ciento es el ayuntamiento de Par\u00eds, basan sus esquemas financieros en estimados inflados de visitantes al a\u00f1o.<\/p>\n\n\n\n<p>Stephane Dieu, representante sindical de la Confederaci\u00f3n General del Trabajo (CGT), sostuvo en entrevista para el medio The Associated Press, que los administrativos de la Torre Eiffel \u201cle est\u00e1n dando prioridad a beneficios a corto plazo a expensas de la preservaci\u00f3n a largo plazo del monumento, y del bienestar de la compa\u00f1\u00eda por la cual trabajamos\u201d.<\/p>\n","protected":false},"excerpt":{"rendered":"<p>Trabajadores de la Torre Eiffel se fueron a huelga este 19 de febrero debido a una presunta mala administraci\u00f3n del edificio, por lo que el ic\u00f3nico inmueble franc\u00e9s de 300 metros de altura amaneci\u00f3 este lunes sin acceso para visitantes nacionales y turistas. El paro sucede a meses de comenzar los Juegos Ol\u00edmpicos de Par\u00eds, [&hellip;]<\/p>\n","protected":false},"author":4,"featured_media":41807,"comment_status":"open","ping_status":"open","sticky":false,"template":"","format":"standard","meta":{"om_disable_all_campaigns":false,"_monsterinsights_skip_tracking":false,"_monsterinsights_sitenote_active":false,"_monsterinsights_sitenote_note":"","_monsterinsights_sitenote_category":0,"footnotes":""},"categories":[183],"tags":[],"class_list":["post-41806","post","type-post","status-publish","format-standard","has-post-thumbnail","hentry","category-internacional"],"amp_enabled":true,"_links":{"self":[{"href":"https:\/\/lahora.mx\/index.php\/wp-json\/wp\/v2\/posts\/41806","targetHints":{"allow":["GET"]}}],"collection":[{"href":"https:\/\/lahora.mx\/index.php\/wp-json\/wp\/v2\/posts"}],"about":[{"href":"https:\/\/lahora.mx\/index.php\/wp-json\/wp\/v2\/types\/post"}],"author":[{"embeddable":true,"href":"https:\/\/lahora.mx\/index.php\/wp-json\/wp\/v2\/users\/4"}],"replies":[{"embeddable":true,"href":"https:\/\/lahora.mx\/index.php\/wp-json\/wp\/v2\/comments?post=41806"}],"version-history":[{"count":1,"href":"https:\/\/lahora.mx\/index.php\/wp-json\/wp\/v2\/posts\/41806\/revisions"}],"predecessor-version":[{"id":41808,"href":"https:\/\/lahora.mx\/index.php\/wp-json\/wp\/v2\/posts\/41806\/revisions\/41808"}],"wp:featuredmedia":[{"embeddable":true,"href":"https:\/\/lahora.mx\/index.php\/wp-json\/wp\/v2\/media\/41807"}],"wp:attachment":[{"href":"https:\/\/lahora.mx\/index.php\/wp-json\/wp\/v2\/media?parent=41806"}],"wp:term":[{"taxonomy":"category","embeddable":true,"href":"https:\/\/lahora.mx\/index.php\/wp-json\/wp\/v2\/categories?post=41806"},{"taxonomy":"post_tag","embeddable":true,"href":"https:\/\/lahora.mx\/index.php\/wp-json\/wp\/v2\/tags?post=41806"}],"curies":[{"name":"wp","href":"https:\/\/api.w.org\/{rel}","templated":true}]}}