{"id":41803,"date":"2024-02-19T18:11:04","date_gmt":"2024-02-19T18:11:04","guid":{"rendered":"http:\/\/lahora.mx\/?p=41803"},"modified":"2024-02-19T18:11:04","modified_gmt":"2024-02-19T18:11:04","slug":"lula-da-silva-es-declarado-como-persona-non-grata-en-israel-por-compararle-con-regimen-nazi","status":"publish","type":"post","link":"https:\/\/lahora.mx\/index.php\/2024\/02\/19\/lula-da-silva-es-declarado-como-persona-non-grata-en-israel-por-compararle-con-regimen-nazi\/","title":{"rendered":"Lula da Silva, es declarado como persona \u00bb non grata\u00bb en Israel por compararle con r\u00e9gimen nazi"},"content":{"rendered":"\n<p>El gobierno de Israel declar\u00f3 a Luiz In\u00e1cio Lula da Silva, presidente de Brasil, como persona non grata, debido a declaraciones del mandatario brasilero que compar\u00f3 las acciones armament\u00edsticas israel\u00eds contra palestinos en Gaza con lo hecho por el r\u00e9gimen nazi contra los jud\u00edos durante la segunda guerra mundial.<\/p>\n\n\n\n<p>Lo anterior a trav\u00e9s del canciller israel\u00ed, Yisrael Katz, quien calific\u00f3 los comentarios del presidente brasile\u00f1o como \u201cun grave ataque antisemita que profana la memoria de las v\u00edctimas del Holocausto\u201d, durante una conferencia de prensa este 19 de enero.<\/p>\n\n\n\n<p>\u201cLas palabras dichas por el presidente de Brasil, Lula, cuando compar\u00f3 la guerra justa del Estado de Israel contra Ham\u00e1s (\u2026) con Hitler y los nazis, es una verg\u00fcenza y una desgracia, un grave ataque antisemita contra el Pueblo jud\u00edo y el estado de Israel\u201d, sostuvo Katz en conferencia de prensa.<\/p>\n\n\n\n<p>A\u00f1adi\u00f3 que Lula da Silva ser\u00e1 considerado como non grato en el territorio israel\u00ed hasta que \u201cretracte sus palabras y se disculpe\u201d.<br>\u201cNo es una guerra, es un genocidio\u201d, Lula da Silva sobre Israel y Palestina<br>Durante su ponencia como invitado en la Cumbre Anual de la Uni\u00f3n Africana, el presidente brasile\u00f1o Luiz In\u00e1cio Lula da Silva sostuvo que los ataques perpetrados por el ej\u00e9rcito sionista de Israel contra civiles refugiados en La Franja de Gaza \u201cno es una guerra, es un genocidio\u201d.<\/p>\n\n\n\n<p>Asegur\u00f3 que no se trata de \u00abuna guerra de soldados contra soldados\u201d, sino que es un enfrentamiento entre militares altamente preparados contra mujeres y ni\u00f1os. \u201cLo que est\u00e1 ocurriendo en La Franja de Gaza con el pueblo palestino no ha ocurrido en ning\u00fan otro momento de la historia. En realidad, s\u00ed ha ocurrido, cuando Hitler decidi\u00f3 matar a los jud\u00edos\u201d.<\/p>\n\n\n\n<p>El director general de la Organizaci\u00f3n Mundial de la Salud, Tedros Adhanom Ghebreyesus, inform\u00f3 que el segundo hospital m\u00e1s grande de Gaza dej\u00f3 de operar luego de varios ataques armados; este lunes el sur de La Franja de Gaza y Sidon, en L\u00edbano, amanecieron con bombardeos por parte del ej\u00e9rcito sionista de Israel.<\/p>\n","protected":false},"excerpt":{"rendered":"<p>El gobierno de Israel declar\u00f3 a Luiz In\u00e1cio Lula da Silva, presidente de Brasil, como persona non grata, debido a declaraciones del mandatario brasilero que compar\u00f3 las acciones armament\u00edsticas israel\u00eds contra palestinos en Gaza con lo hecho por el r\u00e9gimen nazi contra los jud\u00edos durante la segunda guerra mundial. Lo anterior a trav\u00e9s del canciller [&hellip;]<\/p>\n","protected":false},"author":4,"featured_media":41804,"comment_status":"open","ping_status":"open","sticky":false,"template":"","format":"standard","meta":{"om_disable_all_campaigns":false,"_monsterinsights_skip_tracking":false,"_monsterinsights_sitenote_active":false,"_monsterinsights_sitenote_note":"","_monsterinsights_sitenote_category":0,"footnotes":""},"categories":[183],"tags":[223],"class_list":["post-41803","post","type-post","status-publish","format-standard","has-post-thumbnail","hentry","category-internacional","tag-puebla"],"amp_enabled":true,"_links":{"self":[{"href":"https:\/\/lahora.mx\/index.php\/wp-json\/wp\/v2\/posts\/41803","targetHints":{"allow":["GET"]}}],"collection":[{"href":"https:\/\/lahora.mx\/index.php\/wp-json\/wp\/v2\/posts"}],"about":[{"href":"https:\/\/lahora.mx\/index.php\/wp-json\/wp\/v2\/types\/post"}],"author":[{"embeddable":true,"href":"https:\/\/lahora.mx\/index.php\/wp-json\/wp\/v2\/users\/4"}],"replies":[{"embeddable":true,"href":"https:\/\/lahora.mx\/index.php\/wp-json\/wp\/v2\/comments?post=41803"}],"version-history":[{"count":1,"href":"https:\/\/lahora.mx\/index.php\/wp-json\/wp\/v2\/posts\/41803\/revisions"}],"predecessor-version":[{"id":41805,"href":"https:\/\/lahora.mx\/index.php\/wp-json\/wp\/v2\/posts\/41803\/revisions\/41805"}],"wp:featuredmedia":[{"embeddable":true,"href":"https:\/\/lahora.mx\/index.php\/wp-json\/wp\/v2\/media\/41804"}],"wp:attachment":[{"href":"https:\/\/lahora.mx\/index.php\/wp-json\/wp\/v2\/media?parent=41803"}],"wp:term":[{"taxonomy":"category","embeddable":true,"href":"https:\/\/lahora.mx\/index.php\/wp-json\/wp\/v2\/categories?post=41803"},{"taxonomy":"post_tag","embeddable":true,"href":"https:\/\/lahora.mx\/index.php\/wp-json\/wp\/v2\/tags?post=41803"}],"curies":[{"name":"wp","href":"https:\/\/api.w.org\/{rel}","templated":true}]}}