{"id":41729,"date":"2024-02-18T03:14:14","date_gmt":"2024-02-18T03:14:14","guid":{"rendered":"http:\/\/lahora.mx\/?p=41729"},"modified":"2024-02-18T03:14:15","modified_gmt":"2024-02-18T03:14:15","slug":"jose-chedraui-el-candidato-de-morena-a-la-alcaldia-de-puebla","status":"publish","type":"post","link":"https:\/\/lahora.mx\/index.php\/2024\/02\/18\/jose-chedraui-el-candidato-de-morena-a-la-alcaldia-de-puebla\/","title":{"rendered":"Jos\u00e9 Chedraui, el candidato de Morena a la alcald\u00eda de Puebla"},"content":{"rendered":"\n<p>Luego se semanas de indefinici\u00f3n, Morena eligi\u00f3 este s\u00e1bado al empresario Jos\u00e9 Chedraui Budib como candidato a la presidencia municipal de Puebla por la coalici\u00f3n Seguimos Haciendo Historia.<\/p>\n\n\n\n<p>El expriista gan\u00f3 la encuesta realizada por la Comisi\u00f3n Nacional de Elecciones de Morena, imponi\u00e9ndose en nivel de conocimiento y confianza sobre sus otros 16 contendientes internos.<\/p>\n\n\n\n<p>As\u00ed lo confirm\u00f3 el presidente nacional del partido, Mario Delgado Carrillo, quien dio lectura a los resultados de las mediciones en presencia de los aspirantes a la candidatura, la dirigente estatal de Morena, Olga Luc\u00eda Romero Garci-Crespo y el presidente del Consejo Estatal, Andr\u00e9s Villegas Mendoza.<\/p>\n\n\n\n<p>Claudia Rivera Vivanco obtuvo el segundo lugar en la medici\u00f3n del partido obradorista, por lo que tendr\u00eda que representar al Distrito 07 con cabecera en Tepeaca, como candidata a diputada federal.<\/p>\n\n\n\n<p>El empresario representar\u00e1 a los partidos Morena, PT, PVEM, Nueva Alianza y Fuerza por M\u00e9xico para enfrentarse al abanderado de la coalici\u00f3n Mejor Rumbo para Puebla (PAN-PRI-PRD-PSI), Mario Riestra Pi\u00f1a en la elecci\u00f3n del pr\u00f3ximo 2 de junio.<\/p>\n\n\n\n<p>Morenistas pidieron que Chedraui no fuera considerado en encuesta<br>A pesar de haberse impuesto ante sus contendientes internos, Jos\u00e9 Chedraui Budib enfrent\u00f3 una serie de descalificaciones por parte de algunos aspirantes, entre ellos el diputado federal Alejandro Carvajal Hidalgo y la misma Claudia Rivera Vivanco, quienes solicitaron que el proceso no permitiera la participaci\u00f3n de perfiles externos.<\/p>\n\n\n\n<p>Ambos insistieron en que si bien el proyecto de la 4T era de puertas abiertas eso no significaba que cualquier persona que se sume en \u00e9pocas electorales podr\u00eda obtener alguna candidatura sin haber trabajado a favor del movimiento.<\/p>\n\n\n\n<p>\u00abSi algo hemos visto en los procesos de las coordinaciones estatales como federales es que si alguien no tiene trabajo aunque tenga muy buena voluntad y se le haya ocurrido estar del lado correcto de la historia no le favorecer\u00e1n los n\u00fameros\u00bb, detall\u00f3 hace unos d\u00edas Rivera Vivanco.<\/p>\n\n\n\n<p>Los 17 participantes a la Coordinaci\u00f3n de la Defensa de la Cuarta Transformaci\u00f3n en la capital fueron Jos\u00e9 Chedraui Budib, Claudia Rivera Vivanco, Alejandro Carvajal Hidalgo, Nora Merino Escamilla, Rodrigo Abdala Dartigues.<\/p>\n\n\n\n<p>Asimismo, Elisa Molina Rivera, Gabriel Biestro Medinilla e Iv\u00e1n Herrera Villag\u00f3mez, Antonio L\u00f3pez Ru\u00edz, Mar\u00eda del Pilar Portillo Fern\u00e1ndez, Leobardo Rodr\u00edguez Ju\u00e1rez, Edhali Moreno Cintora.<\/p>\n\n\n\n<p>Tambi\u00e9n estuvieron Jos\u00e9 Luis Ambrosio Salgado, Rafael Ram\u00edrez Hern\u00e1ndez, M\u00e1ximo Serd\u00e1n Espinosa, Leopoldo \u00abPolo\u00bb de Lara Valera y Alejandro Cruz Olivera.<\/p>\n\n\n\n<p>Pepe Chedraui quer\u00eda ir con PAN-PRI-PRD por la presidencia municipal<br>En diciembre de 2022, el exdiputado local priista Jos\u00e9 Chedraui Budib anunci\u00f3 que buscar\u00eda la presidencia municipal de Puebla en el proceso electoral 2024.<\/p>\n\n\n\n<p>Durante su destape desde el Centro Mexicano Libanes, asegur\u00f3 que su proyecto de gobierno estar\u00e1 centrado en el fortalecimiento a la seguridad p\u00fablica pues actualmente \u201cla capital atraviesa tiempos dif\u00edciles\u201d.<\/p>\n\n\n\n<p>Adem\u00e1s, se\u00f1al\u00f3 que podr\u00eda concretar sus aspiraciones de la mano de la alianza conformada por los partidos Acci\u00f3n Nacional (PAN), el Revolucionario Institucional (PRI), y de la Revoluci\u00f3n Democr\u00e1tica<br>Sin embargo, dijo que su permanencia en el bloque opositor estar\u00eda condicionado \u00abpor la cordialidad pol\u00edtica y capacidad de di\u00e1logo para repartir y socializar las candidaturas\u00bb.<\/p>\n\n\n\n<p>De acuerdo con algunas voces al interior del PRI, como el expriista Jorge Estefan Chidiac, le correspond\u00eda al tricolor encabezar la alianza PAN-PRI-PRD en la capital debido a que la gubernatura ser\u00eda para el panista Eduardo Rivera P\u00e9rez; sin embargo, este espacio le fue entregado al diputado federal Mario Riestra Pi\u00f1a.<\/p>\n\n\n\n<p>\u00bfQui\u00e9n es Jos\u00e9 Chedraui Budib?<br>Jos\u00e9 Chedraui Budib es licenciado en Administraci\u00f3n de Empresas por la Universidad de las Am\u00e9ricas Puebla (UDLAP). Tambi\u00e9n es director del Grupo Chedraui Textil desde 2010 y presidente de la fundaci\u00f3n \u201cPepe Chedraui\u201d.<\/p>\n\n\n\n<p>Incursion\u00f3 en la pol\u00edtica de la mano del Partido Revolucionario Institucional (PRI). En 2013 intent\u00f3 ser candidato a la alcald\u00eda, pero perdi\u00f3 en la designaci\u00f3n interna en contra de Enrique Ag\u00fcera Ib\u00e1\u00f1ez.<\/p>\n\n\n\n<p>Fue diputado plurinominal del tricolor en la en la LIX Legislatura del Congreso de Puebla (2014-2018) y presidente del Comit\u00e9 Directivo Municipal (CDM) del PRI (2015-2017). (EG).<\/p>\n","protected":false},"excerpt":{"rendered":"<p>Luego se semanas de indefinici\u00f3n, Morena eligi\u00f3 este s\u00e1bado al empresario Jos\u00e9 Chedraui Budib como candidato a la presidencia municipal de Puebla por la coalici\u00f3n Seguimos Haciendo Historia. El expriista gan\u00f3 la encuesta realizada por la Comisi\u00f3n Nacional de Elecciones de Morena, imponi\u00e9ndose en nivel de conocimiento y confianza sobre sus otros 16 contendientes internos. [&hellip;]<\/p>\n","protected":false},"author":4,"featured_media":41730,"comment_status":"open","ping_status":"open","sticky":false,"template":"","format":"standard","meta":{"om_disable_all_campaigns":false,"_monsterinsights_skip_tracking":false,"_monsterinsights_sitenote_active":false,"_monsterinsights_sitenote_note":"","_monsterinsights_sitenote_category":0,"footnotes":""},"categories":[5],"tags":[128,195],"class_list":["post-41729","post","type-post","status-publish","format-standard","has-post-thumbnail","hentry","category-politica","tag-politics","tag-principal"],"amp_enabled":true,"_links":{"self":[{"href":"https:\/\/lahora.mx\/index.php\/wp-json\/wp\/v2\/posts\/41729","targetHints":{"allow":["GET"]}}],"collection":[{"href":"https:\/\/lahora.mx\/index.php\/wp-json\/wp\/v2\/posts"}],"about":[{"href":"https:\/\/lahora.mx\/index.php\/wp-json\/wp\/v2\/types\/post"}],"author":[{"embeddable":true,"href":"https:\/\/lahora.mx\/index.php\/wp-json\/wp\/v2\/users\/4"}],"replies":[{"embeddable":true,"href":"https:\/\/lahora.mx\/index.php\/wp-json\/wp\/v2\/comments?post=41729"}],"version-history":[{"count":1,"href":"https:\/\/lahora.mx\/index.php\/wp-json\/wp\/v2\/posts\/41729\/revisions"}],"predecessor-version":[{"id":41731,"href":"https:\/\/lahora.mx\/index.php\/wp-json\/wp\/v2\/posts\/41729\/revisions\/41731"}],"wp:featuredmedia":[{"embeddable":true,"href":"https:\/\/lahora.mx\/index.php\/wp-json\/wp\/v2\/media\/41730"}],"wp:attachment":[{"href":"https:\/\/lahora.mx\/index.php\/wp-json\/wp\/v2\/media?parent=41729"}],"wp:term":[{"taxonomy":"category","embeddable":true,"href":"https:\/\/lahora.mx\/index.php\/wp-json\/wp\/v2\/categories?post=41729"},{"taxonomy":"post_tag","embeddable":true,"href":"https:\/\/lahora.mx\/index.php\/wp-json\/wp\/v2\/tags?post=41729"}],"curies":[{"name":"wp","href":"https:\/\/api.w.org\/{rel}","templated":true}]}}