{"id":41677,"date":"2024-02-16T14:53:58","date_gmt":"2024-02-16T14:53:58","guid":{"rendered":"http:\/\/lahora.mx\/?p=41677"},"modified":"2024-02-16T14:53:59","modified_gmt":"2024-02-16T14:53:59","slug":"eduardo-castillo-anuncia-que-congreso-de-puebla-cambiaria-de-presidente","status":"publish","type":"post","link":"https:\/\/lahora.mx\/index.php\/2024\/02\/16\/eduardo-castillo-anuncia-que-congreso-de-puebla-cambiaria-de-presidente\/","title":{"rendered":"Eduardo Castillo anuncia que Congreso de Puebla cambiar\u00eda de presidente"},"content":{"rendered":"\n<p>El presidente del Congreso del Estado, Eduardo Castillo L\u00f3pez asegur\u00f3 que no se aferrar\u00e1 a su cargo tras su designaci\u00f3n como abanderado a una diputaci\u00f3n federal, perfil\u00e1ndose el legislador Edgar Garmendia para ocupar su lugar como l\u00edder del Poder Legislativo.<\/p>\n\n\n\n<p>En entrevista, Castillo L\u00f3pez se\u00f1al\u00f3 que en pr\u00f3ximos d\u00edas se analizar\u00e1 la posibilidad de desprenderse de su curul dentro del Congreso Local para enfocarse en su candidatura a la diputaci\u00f3n federal del Distrito XIV de Iz\u00facar de Matamoros.<\/p>\n\n\n\n<p>Esto, tras agradecer a Morena por haberlo designado para competir por un lugar dentro de la C\u00e1mara de Diputados, motivo por el cual se perfila que tenga que solicitar una licencia a su actual encomienda.<\/p>\n\n\n\n<p>Cuestionado sobre qui\u00e9n ocupar\u00e1 su lugar como presidente de la Junta de Gobierno y Coordinaci\u00f3n Pol\u00edtica, Castillo L\u00f3pez refiri\u00f3 que es una decisi\u00f3n que todav\u00eda no se ha tomado.<\/p>\n\n\n\n<p>Sin embargo, de acuerdo con fuentes consultadas por MULTIMEDIOS Puebla, el diputado Edgar Garmendia de los Santos, que tambi\u00e9n forma parte de la bancada de Morena en el Congreso Local, se perfila para ser el nuevo coordinador de dicho grupo parlamentario.<\/p>\n\n\n\n<p>Con ello, asumir\u00eda la direcci\u00f3n de la Junta de Gobierno y Coordinaci\u00f3n Pol\u00edtica y por ende, la presidencia del Poder Legislativo en la entidad poblana.<\/p>\n\n\n\n<p>Cabe se\u00f1alar que, de acuerdo a los lineamientos del Congreso Local, la presidencia deber\u00e1 ser ocupada por un miembro del grupo legislativo que tenga m\u00e1s diputados , siendo en este caso Morena.<\/p>\n\n\n\n<p>Ser\u00e1 en pr\u00f3ximos d\u00edas cuando Castillo L\u00f3pez defina si solicitar\u00e1 licencia a su cargo como diputado local y que, con ellos se deba nombrar a una nueva persona para la presidencia del Congreso local.<br>https:\/\/www.milenio.com\/politica\/elecciones\/eduardo-castillo-anuncia-congreso-puebla-cambiara-presidente<\/p>\n","protected":false},"excerpt":{"rendered":"<p>El presidente del Congreso del Estado, Eduardo Castillo L\u00f3pez asegur\u00f3 que no se aferrar\u00e1 a su cargo tras su designaci\u00f3n como abanderado a una diputaci\u00f3n federal, perfil\u00e1ndose el legislador Edgar Garmendia para ocupar su lugar como l\u00edder del Poder Legislativo. En entrevista, Castillo L\u00f3pez se\u00f1al\u00f3 que en pr\u00f3ximos d\u00edas se analizar\u00e1 la posibilidad de desprenderse [&hellip;]<\/p>\n","protected":false},"author":4,"featured_media":41678,"comment_status":"open","ping_status":"open","sticky":false,"template":"","format":"standard","meta":{"om_disable_all_campaigns":false,"_monsterinsights_skip_tracking":false,"_monsterinsights_sitenote_active":false,"_monsterinsights_sitenote_note":"","_monsterinsights_sitenote_category":0,"footnotes":""},"categories":[175],"tags":[227,223],"class_list":["post-41677","post","type-post","status-publish","format-standard","has-post-thumbnail","hentry","category-local","tag-congreso","tag-puebla"],"amp_enabled":true,"_links":{"self":[{"href":"https:\/\/lahora.mx\/index.php\/wp-json\/wp\/v2\/posts\/41677","targetHints":{"allow":["GET"]}}],"collection":[{"href":"https:\/\/lahora.mx\/index.php\/wp-json\/wp\/v2\/posts"}],"about":[{"href":"https:\/\/lahora.mx\/index.php\/wp-json\/wp\/v2\/types\/post"}],"author":[{"embeddable":true,"href":"https:\/\/lahora.mx\/index.php\/wp-json\/wp\/v2\/users\/4"}],"replies":[{"embeddable":true,"href":"https:\/\/lahora.mx\/index.php\/wp-json\/wp\/v2\/comments?post=41677"}],"version-history":[{"count":1,"href":"https:\/\/lahora.mx\/index.php\/wp-json\/wp\/v2\/posts\/41677\/revisions"}],"predecessor-version":[{"id":41679,"href":"https:\/\/lahora.mx\/index.php\/wp-json\/wp\/v2\/posts\/41677\/revisions\/41679"}],"wp:featuredmedia":[{"embeddable":true,"href":"https:\/\/lahora.mx\/index.php\/wp-json\/wp\/v2\/media\/41678"}],"wp:attachment":[{"href":"https:\/\/lahora.mx\/index.php\/wp-json\/wp\/v2\/media?parent=41677"}],"wp:term":[{"taxonomy":"category","embeddable":true,"href":"https:\/\/lahora.mx\/index.php\/wp-json\/wp\/v2\/categories?post=41677"},{"taxonomy":"post_tag","embeddable":true,"href":"https:\/\/lahora.mx\/index.php\/wp-json\/wp\/v2\/tags?post=41677"}],"curies":[{"name":"wp","href":"https:\/\/api.w.org\/{rel}","templated":true}]}}