{"id":41216,"date":"2024-02-07T00:36:08","date_gmt":"2024-02-07T00:36:08","guid":{"rendered":"http:\/\/lahora.mx\/?p=41216"},"modified":"2024-02-07T00:36:08","modified_gmt":"2024-02-07T00:36:08","slug":"la-gobernadora-cuellar-cisneros-respalda-reformas-constitucionales-presentadas-por-amlo","status":"publish","type":"post","link":"https:\/\/lahora.mx\/index.php\/2024\/02\/07\/la-gobernadora-cuellar-cisneros-respalda-reformas-constitucionales-presentadas-por-amlo\/","title":{"rendered":"La gobernadora Cu\u00e9llar Cisneros respalda reformas constitucionales presentadas por AMLO"},"content":{"rendered":"\n<p>La gobernadora de Tlaxcala, Lorena Cu\u00e9llar Cisneros, se pronunci\u00f3 a favor de las propuestas de reformas constitucionales presentadas ayer ante el Poder Legislativo federal por el presidente de M\u00e9xico, Andr\u00e9s Manuel L\u00f3pez Obrador.<\/p>\n\n\n\n<p>A trav\u00e9s de un escrito firmado por los mandatarios emanados del partido Movimiento Regeneraci\u00f3n Nacional, Cu\u00e9llar Cisneros coincidi\u00f3 en que son reformas en materia de democratizaci\u00f3n de la representaci\u00f3n pol\u00edtica, para el combate al despilfarro en materia electoral, y para la eliminaci\u00f3n de organismos con alt\u00edsimos salarios y privilegios para quienes los dirigen, pero sin beneficios tangibles para el pueblo, lo que significa un desperdicio de recursos p\u00fablicos.<\/p>\n\n\n\n<p>Tambi\u00e9n respald\u00f3 que se tratan de propuestas que buscan la actualizaci\u00f3n republicana y democr\u00e1tica del Judicial, la recuperaci\u00f3n del sentido de justicia laboral en pensiones y el poder adquisitivo del salario m\u00ednimo frente a la inflaci\u00f3n.<\/p>\n\n\n\n<p>Asimismo, la afirmaci\u00f3n del car\u00e1cter estrat\u00e9gico de la industria el\u00e9ctrica, la defensa de la vida y el bienestar de los animales, el blindaje constitucional de los programas sociales, el combate a las adicciones m\u00e1s devastadoras del tiempo y el fortalecimiento de la Guardia Nacional.<\/p>\n\n\n\n<p>Las iniciativas expresan el car\u00e1cter republicano, c\u00edvico y pac\u00edfico del humanismo mexicano, as\u00ed como la necesidad de profundizar en la renovaci\u00f3n de nuestras instituciones y pr\u00e1cticas p\u00fablicas que respondan con mayor eficacia las demandas del siglo XXI,<br>dice el documento publicado a trav\u00e9s de sus redes sociales oficiales de la mandataria estatal.<\/p>\n\n\n\n<p>Al plasmar su nombre en ese pronunciamiento, Cu\u00e9llar Cisneros se sum\u00f3 al llamado respetuoso hecho a los integrantes del Congreso de la Uni\u00f3n para que apoyen, en el espacio de sus responsabilidades, ese proyecto planteado por el presidente Andr\u00e9s Manuel L\u00f3pez Obrador.<\/p>\n\n\n\n<p>\u00abProceso de actualizaci\u00f3n que es fiel a esp\u00edritu y objetivos que caracterizan al Congreso Constituyente de 1917 como creador del primer ordenamiento jur\u00eddico del mundo, portador de un amplio proyecto de libertades, democracia, justicia social y soberan\u00eda nacional\u00bb, establece el documento.<\/p>\n","protected":false},"excerpt":{"rendered":"<p>La gobernadora de Tlaxcala, Lorena Cu\u00e9llar Cisneros, se pronunci\u00f3 a favor de las propuestas de reformas constitucionales presentadas ayer ante el Poder Legislativo federal por el presidente de M\u00e9xico, Andr\u00e9s Manuel L\u00f3pez Obrador. A trav\u00e9s de un escrito firmado por los mandatarios emanados del partido Movimiento Regeneraci\u00f3n Nacional, Cu\u00e9llar Cisneros coincidi\u00f3 en que son reformas [&hellip;]<\/p>\n","protected":false},"author":4,"featured_media":41217,"comment_status":"open","ping_status":"open","sticky":false,"template":"","format":"standard","meta":{"om_disable_all_campaigns":false,"_monsterinsights_skip_tracking":false,"_monsterinsights_sitenote_active":false,"_monsterinsights_sitenote_note":"","_monsterinsights_sitenote_category":0,"footnotes":""},"categories":[175],"tags":[223,210],"class_list":["post-41216","post","type-post","status-publish","format-standard","has-post-thumbnail","hentry","category-local","tag-puebla","tag-tlaxcala"],"amp_enabled":true,"_links":{"self":[{"href":"https:\/\/lahora.mx\/index.php\/wp-json\/wp\/v2\/posts\/41216","targetHints":{"allow":["GET"]}}],"collection":[{"href":"https:\/\/lahora.mx\/index.php\/wp-json\/wp\/v2\/posts"}],"about":[{"href":"https:\/\/lahora.mx\/index.php\/wp-json\/wp\/v2\/types\/post"}],"author":[{"embeddable":true,"href":"https:\/\/lahora.mx\/index.php\/wp-json\/wp\/v2\/users\/4"}],"replies":[{"embeddable":true,"href":"https:\/\/lahora.mx\/index.php\/wp-json\/wp\/v2\/comments?post=41216"}],"version-history":[{"count":1,"href":"https:\/\/lahora.mx\/index.php\/wp-json\/wp\/v2\/posts\/41216\/revisions"}],"predecessor-version":[{"id":41218,"href":"https:\/\/lahora.mx\/index.php\/wp-json\/wp\/v2\/posts\/41216\/revisions\/41218"}],"wp:featuredmedia":[{"embeddable":true,"href":"https:\/\/lahora.mx\/index.php\/wp-json\/wp\/v2\/media\/41217"}],"wp:attachment":[{"href":"https:\/\/lahora.mx\/index.php\/wp-json\/wp\/v2\/media?parent=41216"}],"wp:term":[{"taxonomy":"category","embeddable":true,"href":"https:\/\/lahora.mx\/index.php\/wp-json\/wp\/v2\/categories?post=41216"},{"taxonomy":"post_tag","embeddable":true,"href":"https:\/\/lahora.mx\/index.php\/wp-json\/wp\/v2\/tags?post=41216"}],"curies":[{"name":"wp","href":"https:\/\/api.w.org\/{rel}","templated":true}]}}