{"id":41213,"date":"2024-02-07T00:34:37","date_gmt":"2024-02-07T00:34:37","guid":{"rendered":"http:\/\/lahora.mx\/?p=41213"},"modified":"2024-02-07T00:34:37","modified_gmt":"2024-02-07T00:34:37","slug":"retiradas-438-unidades-piratas-del-transporte-publico-en-puebla-destaca-omar-alvarez","status":"publish","type":"post","link":"https:\/\/lahora.mx\/index.php\/2024\/02\/07\/retiradas-438-unidades-piratas-del-transporte-publico-en-puebla-destaca-omar-alvarez\/","title":{"rendered":"Retiradas 438 unidades \u00abpiratas\u00bb del transporte p\u00fablico en Puebla, destaca Omar \u00c1lvarez"},"content":{"rendered":"\n<p class=\"wp-block-paragraph\">Omar \u00c1lvarez Arronte, secretario de Movilidad y Transporte, inform\u00f3 que durante 2023 fueron retiradas 438 unidades que prestaban el servicio de manera irregular, e indic\u00f3 que hay di\u00e1logo para que algunos que cumplan con las normas sean regularizados a fin de que no queden sin trabajo.<\/p>\n\n\n\n<p class=\"wp-block-paragraph\">Al comparecer ante el pleno del Congreso dentro de la Glosa del Informe de Gobierno, se\u00f1al\u00f3 que hay un compromiso de la administraci\u00f3n con la sociedad, los derechos humanos, y una estrategia de trabajo con la vinculaci\u00f3n de todos los sectores.<\/p>\n\n\n\n<p class=\"wp-block-paragraph\">Insisti\u00f3 en lo que se refiere al transporte irregular, se realizaron 640 operativos en 31 municipios, y se detect\u00f3 un 45.8 por ciento de pirataje e invasi\u00f3n de rutas, viendo que se carec\u00eda de p\u00f3liza de seguros vigente, y documentos en regla.<\/p>\n\n\n\n<p class=\"wp-block-paragraph\">Se\u00f1al\u00f3 que el trabajo es para detectar legalidad de documentos, principalmente en la zona metropolitana, e indic\u00f3 que una de las causas del pirataje es que no hay una ruta que traslade a quienes viajan por el perif\u00e9rico.<\/p>\n\n\n\n<p class=\"wp-block-paragraph\">Precis\u00f3 que al entrar en operaci\u00f3n la L\u00ednea 4 de la Red Urbana de Transporte Articulado (RUTA), ser\u00e1 una opci\u00f3n legal subsanar\u00e1 el d\u00e9ficit, y la gente no tendr\u00e1 que recurrir a un servicio inseguro.<\/p>\n\n\n\n<p class=\"wp-block-paragraph\">\u00c1lvarez Arronte expres\u00f3 que hay apertura para que quienes est\u00e9n irregulares y quienes prestan el servicio en la zona, y evitar que sean desplazados como en las l\u00edneas dos y tres ya que ten\u00edan que incluirlos, y aplicar una pol\u00edtica social<\/p>\n\n\n\n<p class=\"wp-block-paragraph\">El funcionario se\u00f1al\u00f3 que se est\u00e1 trabajando para inhibir celulares y combatir el acoso sexual en las unidades.<\/p>\n\n\n\n<p class=\"wp-block-paragraph\">El secretario se\u00f1al\u00f3 que en estos momentos hay 87 procedimientos sancionadores en contra de permisionarios cuyas unidades estuvieron involucradas en accidentes, y se\u00f1al\u00f3 que 20 de estos son para la revocaci\u00f3n de la concesiones.<\/p>\n\n\n\n<p class=\"wp-block-paragraph\">El titular de la Secretar\u00eda adem\u00e1s inform\u00f3 que tambi\u00e9n se han realizado 4 mil 438 pruebas toxicol\u00f3gicas pero s\u00f3lo hubo 25 casos, adem\u00e1s seguir\u00e1n los ex\u00e1menes en el interior del estado.<\/p>\n\n\n\n<p class=\"wp-block-paragraph\">Por otra parte record\u00f3 que en el mes de julio inici\u00f3 el Censo de Inspecci\u00f3n f\u00edsica y legal, teniendo 64.5 por ciento de unidades, sin embargo hay un d\u00e9ficit en el mercado para sustituir las unidades.<\/p>\n\n\n\n<p class=\"wp-block-paragraph\">Explic\u00f3 que 2 mil 438 unidades aprobaron la revista, y se ha logrado modernizaci\u00f3n en 23 municipios, esto para garantizar servicios b\u00e1sicos, capacitaci\u00f3n y formaci\u00f3n para transporte seguro.<\/p>\n\n\n\n<p class=\"wp-block-paragraph\">Indic\u00f3 que se ha profesionalizado a 5 mil 300 operadores, y se dio un incremento en 53 por ciento los capacitados; Adem\u00e1s hubo la descentralizaci\u00f3n para el curso de capacitaci\u00f3n, ahora es en 30 municipios, y se dio el descuento en la expedici\u00f3n de licencias con ello se logr\u00f3 la regularizaci\u00f3n de 5 mil 219 conductores y se realizaron 12 mil canjes.<\/p>\n","protected":false},"excerpt":{"rendered":"<p>Omar \u00c1lvarez Arronte, secretario de Movilidad y Transporte, inform\u00f3 que durante 2023 fueron retiradas 438 unidades que prestaban el servicio de manera irregular, e indic\u00f3 que hay di\u00e1logo para que algunos que cumplan con las normas sean regularizados a fin de que no queden sin trabajo. Al comparecer ante el pleno del Congreso dentro de [&hellip;]<\/p>\n","protected":false},"author":4,"featured_media":41214,"comment_status":"open","ping_status":"open","sticky":false,"template":"","format":"standard","meta":{"om_disable_all_campaigns":false,"_monsterinsights_skip_tracking":false,"footnotes":""},"categories":[175],"tags":[223],"class_list":["post-41213","post","type-post","status-publish","format-standard","has-post-thumbnail","hentry","category-local","tag-puebla"],"amp_enabled":true,"_links":{"self":[{"href":"https:\/\/lahora.mx\/index.php\/wp-json\/wp\/v2\/posts\/41213","targetHints":{"allow":["GET"]}}],"collection":[{"href":"https:\/\/lahora.mx\/index.php\/wp-json\/wp\/v2\/posts"}],"about":[{"href":"https:\/\/lahora.mx\/index.php\/wp-json\/wp\/v2\/types\/post"}],"author":[{"embeddable":true,"href":"https:\/\/lahora.mx\/index.php\/wp-json\/wp\/v2\/users\/4"}],"replies":[{"embeddable":true,"href":"https:\/\/lahora.mx\/index.php\/wp-json\/wp\/v2\/comments?post=41213"}],"version-history":[{"count":1,"href":"https:\/\/lahora.mx\/index.php\/wp-json\/wp\/v2\/posts\/41213\/revisions"}],"predecessor-version":[{"id":41215,"href":"https:\/\/lahora.mx\/index.php\/wp-json\/wp\/v2\/posts\/41213\/revisions\/41215"}],"wp:featuredmedia":[{"embeddable":true,"href":"https:\/\/lahora.mx\/index.php\/wp-json\/wp\/v2\/media\/41214"}],"wp:attachment":[{"href":"https:\/\/lahora.mx\/index.php\/wp-json\/wp\/v2\/media?parent=41213"}],"wp:term":[{"taxonomy":"category","embeddable":true,"href":"https:\/\/lahora.mx\/index.php\/wp-json\/wp\/v2\/categories?post=41213"},{"taxonomy":"post_tag","embeddable":true,"href":"https:\/\/lahora.mx\/index.php\/wp-json\/wp\/v2\/tags?post=41213"}],"curies":[{"name":"wp","href":"https:\/\/api.w.org\/{rel}","templated":true}]}}