{"id":40956,"date":"2024-02-01T16:36:16","date_gmt":"2024-02-01T16:36:16","guid":{"rendered":"http:\/\/lahora.mx\/?p=40956"},"modified":"2024-02-01T16:36:17","modified_gmt":"2024-02-01T16:36:17","slug":"absuelven-a-juan-collado-de-lavado-y-delincuencia-organizada","status":"publish","type":"post","link":"https:\/\/lahora.mx\/index.php\/2024\/02\/01\/absuelven-a-juan-collado-de-lavado-y-delincuencia-organizada\/","title":{"rendered":"Absuelven a Juan Collado de lavado y delincuencia organizada"},"content":{"rendered":"\n<p>El juez de Control del Reclusorio Norte, Aquiles Villase\u00f1or, anul\u00f3 las acusaciones de delincuencia organizada y lavado de dinero presentadas por la Fiscal\u00eda General de la Rep\u00fablica (FGR) contra el abogado Juan Ram\u00f3n Collado Mocelo en relaci\u00f3n con el caso de Caja Libertad.<\/p>\n\n\n\n<p>En una audiencia en el Centro de Justicia Penal Federal del Reclusorio Norte, el juez determin\u00f3 la liberaci\u00f3n inmediata de Collado Mocelo, quien ya hab\u00eda obtenido prisi\u00f3n domiciliaria el a\u00f1o pasado debido a su estado de salud.<\/p>\n\n\n\n<p>La decisi\u00f3n de Villase\u00f1or se bas\u00f3 en un incidente de sobreseimiento presentado por la defensa de Collado, respaldado por la resoluci\u00f3n del Primer Tribunal Colegiado de Apelaci\u00f3n en Materia Penal, que absolvi\u00f3 a Jos\u00e9 Antonio Rico Rico, coacusado en el caso.<\/p>\n\n\n\n<p>En la videoconferencia, el juez concluy\u00f3 que las acusaciones de delincuencia organizada y lavado de dinero por 24 millones de pesos no constituyen delitos, por lo que las sobresey\u00f3 con efectos absolutorios.<\/p>\n\n\n\n<p>A pesar de las afirmaciones de que fue el abogado de Enrique Pe\u00f1a Nieto en su divorcio con Ang\u00e9lica Rivera, el expresidente lo neg\u00f3. Collado tiene v\u00ednculos con figuras como Carlos Romero Deschapms, Carlos Salinas de Gortari y Enrique Pe\u00f1a Nieto. Con tres matrimonios a sus espaldas, su c\u00edrculo social incluye a prominentes pol\u00edticos mexicanos que asistieron a sus bodas, como Alfredo del Mazo, Emiliano Ocelli, Ra\u00fal Salinas de Gortari, y otros.<\/p>\n","protected":false},"excerpt":{"rendered":"<p>El juez de Control del Reclusorio Norte, Aquiles Villase\u00f1or, anul\u00f3 las acusaciones de delincuencia organizada y lavado de dinero presentadas por la Fiscal\u00eda General de la Rep\u00fablica (FGR) contra el abogado Juan Ram\u00f3n Collado Mocelo en relaci\u00f3n con el caso de Caja Libertad. En una audiencia en el Centro de Justicia Penal Federal del Reclusorio [&hellip;]<\/p>\n","protected":false},"author":4,"featured_media":40957,"comment_status":"open","ping_status":"open","sticky":false,"template":"","format":"standard","meta":{"om_disable_all_campaigns":false,"_monsterinsights_skip_tracking":false,"_monsterinsights_sitenote_active":false,"_monsterinsights_sitenote_note":"","_monsterinsights_sitenote_category":0,"footnotes":""},"categories":[176],"tags":[],"class_list":["post-40956","post","type-post","status-publish","format-standard","has-post-thumbnail","hentry","category-nacional"],"amp_enabled":true,"_links":{"self":[{"href":"https:\/\/lahora.mx\/index.php\/wp-json\/wp\/v2\/posts\/40956","targetHints":{"allow":["GET"]}}],"collection":[{"href":"https:\/\/lahora.mx\/index.php\/wp-json\/wp\/v2\/posts"}],"about":[{"href":"https:\/\/lahora.mx\/index.php\/wp-json\/wp\/v2\/types\/post"}],"author":[{"embeddable":true,"href":"https:\/\/lahora.mx\/index.php\/wp-json\/wp\/v2\/users\/4"}],"replies":[{"embeddable":true,"href":"https:\/\/lahora.mx\/index.php\/wp-json\/wp\/v2\/comments?post=40956"}],"version-history":[{"count":1,"href":"https:\/\/lahora.mx\/index.php\/wp-json\/wp\/v2\/posts\/40956\/revisions"}],"predecessor-version":[{"id":40958,"href":"https:\/\/lahora.mx\/index.php\/wp-json\/wp\/v2\/posts\/40956\/revisions\/40958"}],"wp:featuredmedia":[{"embeddable":true,"href":"https:\/\/lahora.mx\/index.php\/wp-json\/wp\/v2\/media\/40957"}],"wp:attachment":[{"href":"https:\/\/lahora.mx\/index.php\/wp-json\/wp\/v2\/media?parent=40956"}],"wp:term":[{"taxonomy":"category","embeddable":true,"href":"https:\/\/lahora.mx\/index.php\/wp-json\/wp\/v2\/categories?post=40956"},{"taxonomy":"post_tag","embeddable":true,"href":"https:\/\/lahora.mx\/index.php\/wp-json\/wp\/v2\/tags?post=40956"}],"curies":[{"name":"wp","href":"https:\/\/api.w.org\/{rel}","templated":true}]}}