{"id":40811,"date":"2024-01-31T17:27:19","date_gmt":"2024-01-31T17:27:19","guid":{"rendered":"http:\/\/lahora.mx\/?p=40811"},"modified":"2024-01-31T17:27:19","modified_gmt":"2024-01-31T17:27:19","slug":"amlo-rechaza-que-el-narco-haya-aportado-dinero-a-su-campana-en-2006","status":"publish","type":"post","link":"https:\/\/lahora.mx\/index.php\/2024\/01\/31\/amlo-rechaza-que-el-narco-haya-aportado-dinero-a-su-campana-en-2006\/","title":{"rendered":"AMLO rechaza que el narco haya aportado dinero a su campa\u00f1a en 2006"},"content":{"rendered":"\n<p>Esta ma\u00f1ana en Palacio Nacional, el presidente de M\u00e9xico, Andr\u00e9s Manuel L\u00f3pez Obrador, habl\u00f3 sobre una publicaci\u00f3n period\u00edstica estadunidense en la cual se presume que el actual mandatario habr\u00eda recibido apoyo econ\u00f3mico por parte del narcotr\u00e1fico para financiar la candidatura presidencial del 2006.<\/p>\n\n\n\n<p>Ante estos se\u00f1alamientos, el jefe de Estado descalific\u00f3 y rechaz\u00f3 la publicaci\u00f3n, pues asegur\u00f3 que este tipo de art\u00edculos se dan debido a los procesos electorales que se estar\u00e1n dando en M\u00e9xico y Estados Unidos este 2024.<\/p>\n\n\n\n<p>En este contexto, el originario de Tabasco se\u00f1al\u00f3 que la supuesta investigaci\u00f3n est\u00e1 subordinada al poder, y la calific\u00f3 de \u00abfalsa y calumniadora\u201d, por lo que pidi\u00f3 al autor de la misma que muestre las pruebas.<br>Es completamente falso, es una calumnia. Est\u00e1n desde luego molestos y lamentablemente la prensa, no solo en M\u00e9xico, en el mundo, est\u00e1 subordinada al poder. No hay ninguna prueba, son unos viles calumniadores. \u00bfD\u00f3nde est\u00e1n las pruebas?\u201d, extern\u00f3 L\u00f3pez Obrador.<\/p>\n\n\n\n<p>Al respecto si tomar\u00e1 alguna medida en contra del periodista por falsedad de declaraciones, el presidente mexicano coment\u00f3 que \u00e9l \u201cno denuncia a periodistas\u201d, sin embargo, s\u00ed aclar\u00f3 que es un tema que debe llegar al gobierno de Estados Unidos, pues \u201cno es correcto permitir este tipo de pr\u00e1cticas falsarias\u201d.<\/p>\n\n\n\n<p>No hay que dejarnos enga\u00f1ar con eso y que la DEA y otras agencias se meten, claro que se meten, m\u00e1s cuando se les permite como suced\u00eda en el tiempo precisamente en el gobierno ya no s\u00e9 si decir de Calder\u00f3n o de Garc\u00eda Luna, entonces entraban al pa\u00eds\u00bb, agreg\u00f3.<\/p>\n","protected":false},"excerpt":{"rendered":"<p>Esta ma\u00f1ana en Palacio Nacional, el presidente de M\u00e9xico, Andr\u00e9s Manuel L\u00f3pez Obrador, habl\u00f3 sobre una publicaci\u00f3n period\u00edstica estadunidense en la cual se presume que el actual mandatario habr\u00eda recibido apoyo econ\u00f3mico por parte del narcotr\u00e1fico para financiar la candidatura presidencial del 2006. Ante estos se\u00f1alamientos, el jefe de Estado descalific\u00f3 y rechaz\u00f3 la publicaci\u00f3n, [&hellip;]<\/p>\n","protected":false},"author":4,"featured_media":40812,"comment_status":"open","ping_status":"open","sticky":false,"template":"","format":"standard","meta":{"om_disable_all_campaigns":false,"_monsterinsights_skip_tracking":false,"_monsterinsights_sitenote_active":false,"_monsterinsights_sitenote_note":"","_monsterinsights_sitenote_category":0,"footnotes":""},"categories":[176],"tags":[],"class_list":["post-40811","post","type-post","status-publish","format-standard","has-post-thumbnail","hentry","category-nacional"],"amp_enabled":true,"_links":{"self":[{"href":"https:\/\/lahora.mx\/index.php\/wp-json\/wp\/v2\/posts\/40811","targetHints":{"allow":["GET"]}}],"collection":[{"href":"https:\/\/lahora.mx\/index.php\/wp-json\/wp\/v2\/posts"}],"about":[{"href":"https:\/\/lahora.mx\/index.php\/wp-json\/wp\/v2\/types\/post"}],"author":[{"embeddable":true,"href":"https:\/\/lahora.mx\/index.php\/wp-json\/wp\/v2\/users\/4"}],"replies":[{"embeddable":true,"href":"https:\/\/lahora.mx\/index.php\/wp-json\/wp\/v2\/comments?post=40811"}],"version-history":[{"count":1,"href":"https:\/\/lahora.mx\/index.php\/wp-json\/wp\/v2\/posts\/40811\/revisions"}],"predecessor-version":[{"id":40813,"href":"https:\/\/lahora.mx\/index.php\/wp-json\/wp\/v2\/posts\/40811\/revisions\/40813"}],"wp:featuredmedia":[{"embeddable":true,"href":"https:\/\/lahora.mx\/index.php\/wp-json\/wp\/v2\/media\/40812"}],"wp:attachment":[{"href":"https:\/\/lahora.mx\/index.php\/wp-json\/wp\/v2\/media?parent=40811"}],"wp:term":[{"taxonomy":"category","embeddable":true,"href":"https:\/\/lahora.mx\/index.php\/wp-json\/wp\/v2\/categories?post=40811"},{"taxonomy":"post_tag","embeddable":true,"href":"https:\/\/lahora.mx\/index.php\/wp-json\/wp\/v2\/tags?post=40811"}],"curies":[{"name":"wp","href":"https:\/\/api.w.org\/{rel}","templated":true}]}}