{"id":40805,"date":"2024-01-31T17:15:31","date_gmt":"2024-01-31T17:15:31","guid":{"rendered":"http:\/\/lahora.mx\/?p=40805"},"modified":"2024-01-31T17:15:32","modified_gmt":"2024-01-31T17:15:32","slug":"liz-vilchis-se-queda-en-la-mananera-confirma-amlo","status":"publish","type":"post","link":"https:\/\/lahora.mx\/index.php\/2024\/01\/31\/liz-vilchis-se-queda-en-la-mananera-confirma-amlo\/","title":{"rendered":"Liz Vilchis, se queda en la ma\u00f1anera, confirma AMLO"},"content":{"rendered":"\n<p>El presidente Andr\u00e9s Manuel L\u00f3pez Obrador confirm\u00f3 que Liz Vilchis se mantendr\u00e1 en la secci\u00f3n \u00abQui\u00e9n es qui\u00e9n en las mentiras\u00bb de las ma\u00f1aneras presidenciales a petici\u00f3n de la propia morenista. Por lo tanto, ya no ir\u00e1 por la candidatura a la alcald\u00eda de Puebla y revel\u00f3 que ella recibi\u00f3 muchos ataques por buscar el cargo.<\/p>\n\n\n\n<p>En la ma\u00f1anera presidencial, L\u00f3pez Obrador revel\u00f3 que Liz Vilchis fue incluida en la encuesta para competir por la candidatura de Morena a la presidencia municipal de Puebla. Agradeci\u00f3 que se bajara de la contienda y decidiera quedarse acompa\u00f1\u00e1ndolo en las ma\u00f1aneras.<\/p>\n\n\n\n<p>De manera que estar\u00e1 al pendiente la pr\u00f3xima semana en la secci\u00f3n \u00abQui\u00e9n es qui\u00e9n en las mentiras\u00bb, como habitualmente ha sido. Esto luego de que corri\u00f3 el rumor de que ser\u00eda la participante n\u00famero 18 para competir por el cargo.<\/p>\n\n\n\n<p>\u201cNada m\u00e1s decirles que le agradecemos mucho a Elizabeth porque se va a quedar, entonces va a seguir los mi\u00e9rcoles en la secci\u00f3n. La invitaron a participar, la incluyeron en una encuesta para ser candidata en Puebla y decidi\u00f3 quedarse con nosotros\u201d, revel\u00f3 L\u00f3pez Obrador.<\/p>\n\n\n\n<p>En este tenor, AMLO le reiter\u00f3 todo su respaldo y apoyo a Liz Vilchis debido a que es una de las personas m\u00e1s criticadas y se\u00f1aladas, pues recibe constantemente ataques.<\/p>\n\n\n\n<p>\u201cSobre todo, nuestra solidaridad porque recibes muchos ataques, eres de las escogidas, eres de las seleccionadas. Me haces recordar lo que dec\u00eda Ponciano Arriaga: entre m\u00e1s me golpean, m\u00e1s me siento digno. Gracias, Liz\u201d, agreg\u00f3.<\/p>\n","protected":false},"excerpt":{"rendered":"<p>El presidente Andr\u00e9s Manuel L\u00f3pez Obrador confirm\u00f3 que Liz Vilchis se mantendr\u00e1 en la secci\u00f3n \u00abQui\u00e9n es qui\u00e9n en las mentiras\u00bb de las ma\u00f1aneras presidenciales a petici\u00f3n de la propia morenista. Por lo tanto, ya no ir\u00e1 por la candidatura a la alcald\u00eda de Puebla y revel\u00f3 que ella recibi\u00f3 muchos ataques por buscar el [&hellip;]<\/p>\n","protected":false},"author":4,"featured_media":40806,"comment_status":"open","ping_status":"open","sticky":false,"template":"","format":"standard","meta":{"om_disable_all_campaigns":false,"_monsterinsights_skip_tracking":false,"_monsterinsights_sitenote_active":false,"_monsterinsights_sitenote_note":"","_monsterinsights_sitenote_category":0,"footnotes":""},"categories":[176],"tags":[128,223],"class_list":["post-40805","post","type-post","status-publish","format-standard","has-post-thumbnail","hentry","category-nacional","tag-politics","tag-puebla"],"amp_enabled":true,"_links":{"self":[{"href":"https:\/\/lahora.mx\/index.php\/wp-json\/wp\/v2\/posts\/40805","targetHints":{"allow":["GET"]}}],"collection":[{"href":"https:\/\/lahora.mx\/index.php\/wp-json\/wp\/v2\/posts"}],"about":[{"href":"https:\/\/lahora.mx\/index.php\/wp-json\/wp\/v2\/types\/post"}],"author":[{"embeddable":true,"href":"https:\/\/lahora.mx\/index.php\/wp-json\/wp\/v2\/users\/4"}],"replies":[{"embeddable":true,"href":"https:\/\/lahora.mx\/index.php\/wp-json\/wp\/v2\/comments?post=40805"}],"version-history":[{"count":1,"href":"https:\/\/lahora.mx\/index.php\/wp-json\/wp\/v2\/posts\/40805\/revisions"}],"predecessor-version":[{"id":40807,"href":"https:\/\/lahora.mx\/index.php\/wp-json\/wp\/v2\/posts\/40805\/revisions\/40807"}],"wp:featuredmedia":[{"embeddable":true,"href":"https:\/\/lahora.mx\/index.php\/wp-json\/wp\/v2\/media\/40806"}],"wp:attachment":[{"href":"https:\/\/lahora.mx\/index.php\/wp-json\/wp\/v2\/media?parent=40805"}],"wp:term":[{"taxonomy":"category","embeddable":true,"href":"https:\/\/lahora.mx\/index.php\/wp-json\/wp\/v2\/categories?post=40805"},{"taxonomy":"post_tag","embeddable":true,"href":"https:\/\/lahora.mx\/index.php\/wp-json\/wp\/v2\/tags?post=40805"}],"curies":[{"name":"wp","href":"https:\/\/api.w.org\/{rel}","templated":true}]}}