{"id":40802,"date":"2024-01-31T17:04:54","date_gmt":"2024-01-31T17:04:54","guid":{"rendered":"http:\/\/lahora.mx\/?p=40802"},"modified":"2024-01-31T17:04:54","modified_gmt":"2024-01-31T17:04:54","slug":"acusan-a-alcaldesa-de-caltepec-por-proteger-a-funcionarios-ebrios","status":"publish","type":"post","link":"https:\/\/lahora.mx\/index.php\/2024\/01\/31\/acusan-a-alcaldesa-de-caltepec-por-proteger-a-funcionarios-ebrios\/","title":{"rendered":"Acusan a alcaldesa de Caltepec por proteger a funcionarios \u00abebrios\u00bb"},"content":{"rendered":"\n<p>La presidenta municipal de Caltepec, Cristina Cabanzo M\u00e9ndez, fue acusada de supuestamente proteger a funcionarios de su ayuntamiento, a quienes se\u00f1alaron de responsables de un accidente en el que un masculino result\u00f3 con traumatismo craneoencef\u00e1lico; pese a que lleg\u00f3 la autoridad, no hay ning\u00fan detenido.<\/p>\n\n\n\n<p>Familiares de Juan Santiago Rodr\u00edguez comentaron que el pasado lunes 15 de enero a las 20:50 horas transitaban en el tramo Atecoxco-La Compa\u00f1\u00eda del municipio de Caltepec, cuando el inspector auxiliar municipal de Plan de San Miguel, Sotero Mendoza Castillo, y dos acompa\u00f1antes, viajaban bajo los influjos del alcohol en una camioneta estaquitas NP300 con la cual los impactaron.<\/p>\n\n\n\n<p>Acusan a alcaldesa de Caltepec por proteger a funcionarios \u00abebrios\u00bb<br>Los supuestos responsables al darse cuenta del accidente que hab\u00edan provocado intentaron darse a la fuga, sin embargo, volvieron a impactarse ahora con un poste de la Comisi\u00f3n Federal de Electricidad (CFE).<br>\u00abEn ese momento solicitamos el apoyo para que se comunicaran con la ambulancia y nos brindaran atenci\u00f3n m\u00e9dica, sin embargo, pasaron aproximadamente 40 minutos para que llegar\u00e1n a ese lugar\u00bb, comentaron.<\/p>\n\n\n\n<p>Autoridades omitieron protocolos tras choque, acusan<br>De igual forma indicaron que en ese momento circulaba una camioneta blanca propiedad de la presidenta municipal de Caltepec, Cristina Cabanzo M\u00e9ndez, a quien se le hicieron se\u00f1as para que se detuviera y explicarle la situaci\u00f3n, pero no lo hizo.<\/p>\n\n\n\n<p>Indicaron que llegaron corporaciones de auxilio y Polic\u00eda Municipal, pero no realizaron los protocolos de seguridad y tampoco acordonaron la zona, \u00fanicamente en donde se encontraba la camioneta que hab\u00eda provocado el choque y aunque se les coment\u00f3 a los uniformados que los se\u00f1ores estaban en estado inconveniente, no actuaron y tampoco hubo detenidos.<\/p>\n\n\n\n<p>Acusan a alcaldesa de Caltepec por proteger a funcionarios \u00abebrios\u00bb<br>Lo que s\u00ed ocurri\u00f3 fue que llegaron varios funcionarios del ayuntamiento entre ellos el S\u00edndico Municipal, Mario Rodr\u00edguez Mendoza; el secretario General, Neftal\u00ed Moreno Trejo; David Catarino<br>Rodr\u00edguez Flores y el Contralor Municipal Carlos M\u00e9ndez Lara.<\/p>\n\n\n\n<p>Despu\u00e9s de m\u00e1s de una hora, uno de los param\u00e9dicos procedi\u00f3 a trasladar al se\u00f1or Juan Santiago Rodr\u00edguez al Hospital del Valle de Tehuac\u00e1n y el diagn\u00f3stico que le dieron fue de traumatismo craneoencef\u00e1lico. La atenci\u00f3n m\u00e9dica requiere de recursos, lo cual est\u00e1 costeando la familia del afectado, pero no hubo detenidos y tampoco se designaron responsables de lo ocurrido.<\/p>\n\n\n\n<p>La familia del afectado pidi\u00f3 la intervenci\u00f3n de las autoridades correspondientes para aplicar una sanci\u00f3n a la presidenta de Caltepec y a los involucrados en el choque, pues consideraron que esa acci\u00f3n no puede quedar impune.<\/p>\n","protected":false},"excerpt":{"rendered":"<p>La presidenta municipal de Caltepec, Cristina Cabanzo M\u00e9ndez, fue acusada de supuestamente proteger a funcionarios de su ayuntamiento, a quienes se\u00f1alaron de responsables de un accidente en el que un masculino result\u00f3 con traumatismo craneoencef\u00e1lico; pese a que lleg\u00f3 la autoridad, no hay ning\u00fan detenido. Familiares de Juan Santiago Rodr\u00edguez comentaron que el pasado lunes [&hellip;]<\/p>\n","protected":false},"author":4,"featured_media":40803,"comment_status":"open","ping_status":"open","sticky":false,"template":"","format":"standard","meta":{"om_disable_all_campaigns":false,"_monsterinsights_skip_tracking":false,"_monsterinsights_sitenote_active":false,"_monsterinsights_sitenote_note":"","_monsterinsights_sitenote_category":0,"footnotes":""},"categories":[176],"tags":[],"class_list":["post-40802","post","type-post","status-publish","format-standard","has-post-thumbnail","hentry","category-nacional"],"amp_enabled":true,"_links":{"self":[{"href":"https:\/\/lahora.mx\/index.php\/wp-json\/wp\/v2\/posts\/40802","targetHints":{"allow":["GET"]}}],"collection":[{"href":"https:\/\/lahora.mx\/index.php\/wp-json\/wp\/v2\/posts"}],"about":[{"href":"https:\/\/lahora.mx\/index.php\/wp-json\/wp\/v2\/types\/post"}],"author":[{"embeddable":true,"href":"https:\/\/lahora.mx\/index.php\/wp-json\/wp\/v2\/users\/4"}],"replies":[{"embeddable":true,"href":"https:\/\/lahora.mx\/index.php\/wp-json\/wp\/v2\/comments?post=40802"}],"version-history":[{"count":1,"href":"https:\/\/lahora.mx\/index.php\/wp-json\/wp\/v2\/posts\/40802\/revisions"}],"predecessor-version":[{"id":40804,"href":"https:\/\/lahora.mx\/index.php\/wp-json\/wp\/v2\/posts\/40802\/revisions\/40804"}],"wp:featuredmedia":[{"embeddable":true,"href":"https:\/\/lahora.mx\/index.php\/wp-json\/wp\/v2\/media\/40803"}],"wp:attachment":[{"href":"https:\/\/lahora.mx\/index.php\/wp-json\/wp\/v2\/media?parent=40802"}],"wp:term":[{"taxonomy":"category","embeddable":true,"href":"https:\/\/lahora.mx\/index.php\/wp-json\/wp\/v2\/categories?post=40802"},{"taxonomy":"post_tag","embeddable":true,"href":"https:\/\/lahora.mx\/index.php\/wp-json\/wp\/v2\/tags?post=40802"}],"curies":[{"name":"wp","href":"https:\/\/api.w.org\/{rel}","templated":true}]}}