{"id":40790,"date":"2024-01-31T02:09:18","date_gmt":"2024-01-31T02:09:18","guid":{"rendered":"http:\/\/lahora.mx\/?p=40790"},"modified":"2024-01-31T02:09:19","modified_gmt":"2024-01-31T02:09:19","slug":"partido-comunista-presenta-a-marco-vinicio-davila-juarez-como-su-candidato-a-la-presidencia-para-elecciones-2024","status":"publish","type":"post","link":"https:\/\/lahora.mx\/index.php\/2024\/01\/31\/partido-comunista-presenta-a-marco-vinicio-davila-juarez-como-su-candidato-a-la-presidencia-para-elecciones-2024\/","title":{"rendered":"Partido Comunista presenta a Marco Vinicio D\u00e1vila Ju\u00e1rez como su candidato a la presidencia para elecciones 2024"},"content":{"rendered":"\n<p>El Partido Comunista de M\u00e9xico (PCM) present\u00f3 a su candidato a la presidencia del pa\u00eds, as\u00ed como al candidato a la gubernatura de Morelos y a la jefatura de Gobierno de la Ciudad de M\u00e9xico (CDMX), ya que consideran las postulaciones de Claudia Sheinbaum y X\u00f3chitl G\u00e1lvez contrarias a los intereses de la mayor\u00eda de habitantes del pa\u00eds.<\/p>\n\n\n\n<p>Los candidatos del PCM acudir\u00e1n a los comicios bajo la figura de \u201ccandidatos no registrados\u201d, ya que el partido asegura los trabajadores del pa\u00eds se encuentran impedidos de derechos democr\u00e1ticos y no cuentan con un partido registrado \u201cpor el car\u00e1cter antidemocr\u00e1tico de la ley electoral\u201d.<\/p>\n\n\n\n<p>En comunicado informaron que ser\u00e1 Marco Vinicio D\u00e1vila Ju\u00e1rez, miembro del Bur\u00f3 Pol\u00edtico del Comit\u00e9 Central del PCM, el candidato a la presidencia nacional; \u00c1ngel Ch\u00e1vez Mancilla, director del peri\u00f3dico El Machete, buscar\u00e1 la jefatura de Gobierno de la CDMX; Diego Torres, Segundo Secretario del Comit\u00e9 Central del PCM, competir\u00e1 por la gubernatura de Morelos; en d\u00edas siguientes dar\u00e1n a conocer la decisi\u00f3n de si competir\u00e1n o no por la titularidad del ejecutivo estatal en Jalisco y Yucat\u00e1n.<br>Junto con el anuncio de sus candidatos, el PCM asegur\u00f3 que el gobierno del presidente Andr\u00e9s Manuel L\u00f3pez Obrador es de car\u00e1cter antiobrero y antipopular, que se enfoc\u00f3 s\u00f3lo en procurar ganancias a los monopolios nacionales \u201ca los que les asegur\u00f3 condiciones de paz y estabilidad social\u201d. Lo calific\u00f3 tambi\u00e9n como gobierno demagogo que no tiene relaci\u00f3n con una ideolog\u00eda de izquierda.<\/p>\n\n\n\n<p>Partido Comunista presenta su candidato a la presidencia para elecciones 2024<br>Sobre las candidatas a la presidencia por Morena y el bloque opositor, el PCM sostuvo que \u201cexpresan intereses contrarios a los de la mayor\u00eda de los habitantes del pa\u00eds. Sus experiencias gubernamentales dejan un saldo de inseguridad, desempleo, hambre, miseria, incertidumbre, p\u00e9rdida de la soberan\u00eda, pol\u00edticas de choque contra la clase obrera\u201d.<br>Se\u00f1alaron que en el pa\u00eds hace falta \u201cla opci\u00f3n pol\u00edtica de la clase obrera\u201d que incluya a mujeres, juventud, pueblos ind\u00edgenas, campesinos, migrantes, desempleados y en general \u201clos que viven de su fuerza de trabajo\u201d, una opci\u00f3n que lleve \u201ca los trabajadores al poder\u201d.<\/p>\n","protected":false},"excerpt":{"rendered":"<p>El Partido Comunista de M\u00e9xico (PCM) present\u00f3 a su candidato a la presidencia del pa\u00eds, as\u00ed como al candidato a la gubernatura de Morelos y a la jefatura de Gobierno de la Ciudad de M\u00e9xico (CDMX), ya que consideran las postulaciones de Claudia Sheinbaum y X\u00f3chitl G\u00e1lvez contrarias a los intereses de la mayor\u00eda de [&hellip;]<\/p>\n","protected":false},"author":4,"featured_media":40791,"comment_status":"open","ping_status":"open","sticky":false,"template":"","format":"standard","meta":{"om_disable_all_campaigns":false,"_monsterinsights_skip_tracking":false,"_monsterinsights_sitenote_active":false,"_monsterinsights_sitenote_note":"","_monsterinsights_sitenote_category":0,"footnotes":""},"categories":[176],"tags":[195],"class_list":["post-40790","post","type-post","status-publish","format-standard","has-post-thumbnail","hentry","category-nacional","tag-principal"],"amp_enabled":true,"_links":{"self":[{"href":"https:\/\/lahora.mx\/index.php\/wp-json\/wp\/v2\/posts\/40790","targetHints":{"allow":["GET"]}}],"collection":[{"href":"https:\/\/lahora.mx\/index.php\/wp-json\/wp\/v2\/posts"}],"about":[{"href":"https:\/\/lahora.mx\/index.php\/wp-json\/wp\/v2\/types\/post"}],"author":[{"embeddable":true,"href":"https:\/\/lahora.mx\/index.php\/wp-json\/wp\/v2\/users\/4"}],"replies":[{"embeddable":true,"href":"https:\/\/lahora.mx\/index.php\/wp-json\/wp\/v2\/comments?post=40790"}],"version-history":[{"count":1,"href":"https:\/\/lahora.mx\/index.php\/wp-json\/wp\/v2\/posts\/40790\/revisions"}],"predecessor-version":[{"id":40792,"href":"https:\/\/lahora.mx\/index.php\/wp-json\/wp\/v2\/posts\/40790\/revisions\/40792"}],"wp:featuredmedia":[{"embeddable":true,"href":"https:\/\/lahora.mx\/index.php\/wp-json\/wp\/v2\/media\/40791"}],"wp:attachment":[{"href":"https:\/\/lahora.mx\/index.php\/wp-json\/wp\/v2\/media?parent=40790"}],"wp:term":[{"taxonomy":"category","embeddable":true,"href":"https:\/\/lahora.mx\/index.php\/wp-json\/wp\/v2\/categories?post=40790"},{"taxonomy":"post_tag","embeddable":true,"href":"https:\/\/lahora.mx\/index.php\/wp-json\/wp\/v2\/tags?post=40790"}],"curies":[{"name":"wp","href":"https:\/\/api.w.org\/{rel}","templated":true}]}}