{"id":40761,"date":"2024-01-30T17:14:35","date_gmt":"2024-01-30T17:14:35","guid":{"rendered":"http:\/\/lahora.mx\/?p=40761"},"modified":"2024-01-30T17:14:35","modified_gmt":"2024-01-30T17:14:35","slug":"amlo-rechaza-indulto-a-mario-aburto-por-asesinato-de-colosio","status":"publish","type":"post","link":"https:\/\/lahora.mx\/index.php\/2024\/01\/30\/amlo-rechaza-indulto-a-mario-aburto-por-asesinato-de-colosio\/","title":{"rendered":"AMLO rechaza indulto a Mario Aburto por asesinato de Colosio"},"content":{"rendered":"\n<p>La petici\u00f3n de indulto para Mario Aburto, asesino confeso de Luis Donaldo Colosio, por parte de su hijo, el alcalde de Monterrey, Luis Donaldo Colosio Riojas, fue rechazada por el presidente Andr\u00e9s Manuel L\u00f3pez Obrador, ya que asegur\u00f3 que el crimen no puede quedar impune, puesto que se trata de un asunto de Estado y confirm\u00f3 la existencia de un segundo tirador implicado en el magnicidio.<\/p>\n\n\n\n<p>En su ma\u00f1anera de este martes 30 de enero, el titular del Ejecutivo federal se\u00f1al\u00f3 que, al menos durante su sexenio, no se puede cerrar un caso de tal magnitud, pues significar\u00eda continuar con la impunidad en asuntos de seguridad; tambi\u00e9n se\u00f1al\u00f3 que no pretende utilizar el caso con prop\u00f3sitos pol\u00edticos ni electorales.<\/p>\n\n\n\n<p>\u201cNo puedo hacerlo. S\u00e9 que \u00e9l ya no quiere, ni sus familiares, saber nada de esto que fue terrible, pero se trata de un asunto de Estado (\u2026) Yo quiero que, en lo que a m\u00ed corresponde, no se deje de investigar\u201d.<br>Asegur\u00f3 que la ciudadan\u00eda merece conocer la informaci\u00f3n respecto al magnicidio de Colosio y las autoridades tienen la obligaci\u00f3n de resolverlo, ya que se trata de una situaci\u00f3n que concierne a todo el pa\u00eds en cuanto a \u201cestabilidad pol\u00edtica\u201d refiere, pues se trat\u00f3 del asesinato de un candidato presidencial.<\/p>\n\n\n\n<p>\u201cNo hay que dejarlo pasar, por lo menos que la gente tenga la informaci\u00f3n y que la autoridad competente resuelva. Ning\u00fan crimen debe quedar impune, pero cuando se trata de un caso as\u00ed, mucho menos, porque estamos hablando de la estabilidad pol\u00edtica, de la violencia que afecta a todo un pa\u00eds, se trata de un dirigente, de un candidato. Ning\u00fan crimen se debe repetir, pero este es un asunto del Estado. No debemos decir \u2018ya vamos a dar vuelta a la hoja\u2019\u201d.<\/p>\n\n\n\n<p>Existe un segundo tirador sospechoso en el magnicidio de Colosio<\/p>\n\n\n\n<p><br>De acuerdo con la Fiscal\u00eda General de la Rep\u00fablica (FGR), existen pruebas que implican a un segundo tirador en el magnicidio de Luis Donaldo Colosio, identificado como Jorge Antonio S, quien era \u2014al momento del crimen\u2014agente del Centro de Investigaci\u00f3n y Seguridad Nacional (Cisen) y que, de acuerdo con la formulaci\u00f3n de la FGR, fue encubierto por el entonces titular de la agencia, Genaro Garc\u00eda Luna.<\/p>\n\n\n\n<p>Esta informaci\u00f3n fue secundada por el Presidente, quien afirm\u00f3 la existencia de un segundo tirador implicado en la muerte del excandidato del Partido Revolucionario Institucional (PRI) ocurrido en 1994.<\/p>\n\n\n\n<p>Hijo de Colosio pidi\u00f3 indulto para Mario Aburto<br>Luis Donaldo Colosio Riojas solicit\u00f3 ayer lunes 29 de enero al presidente Andr\u00e9s Manuel L\u00f3pez Obrador conceder indulto a Mario Aburto por el asesinato de su padre, para poder avanzar en el tema y adem\u00e1s, que el caso no sea utilizado de manera pol\u00edtica durante este a\u00f1o electoral.<\/p>\n\n\n\n<p>Abogado de Aburto se\u00f1ala a \u201cEl Ruco\u201d como verdadero asesino de Colosio<\/p>\n\n\n\n<p>Durante el programa \u201cCuchara, Cuchillo, Tenedor\u201d emitido el pasado 24 de enero, el abogado de Mario Aburto, Jes\u00fas Gonz\u00e1lez Schmal, asegur\u00f3 que el verdadero autor del asesinato de Colosio fue \u201cEl Ruco\u201d; sostuvo que su cliente se trat\u00f3 de \u201cun chivo expiatorio\u201d y que la entonces Procuradur\u00eda General de la Rep\u00fablica lleg\u00f3 a un acuerdo con \u00e9l para que se declarara culpable a cambio de liberarlo meses despu\u00e9s.<\/p>\n","protected":false},"excerpt":{"rendered":"<p>La petici\u00f3n de indulto para Mario Aburto, asesino confeso de Luis Donaldo Colosio, por parte de su hijo, el alcalde de Monterrey, Luis Donaldo Colosio Riojas, fue rechazada por el presidente Andr\u00e9s Manuel L\u00f3pez Obrador, ya que asegur\u00f3 que el crimen no puede quedar impune, puesto que se trata de un asunto de Estado y [&hellip;]<\/p>\n","protected":false},"author":4,"featured_media":40762,"comment_status":"open","ping_status":"open","sticky":false,"template":"","format":"standard","meta":{"om_disable_all_campaigns":false,"_monsterinsights_skip_tracking":false,"_monsterinsights_sitenote_active":false,"_monsterinsights_sitenote_note":"","_monsterinsights_sitenote_category":0,"footnotes":""},"categories":[176],"tags":[],"class_list":["post-40761","post","type-post","status-publish","format-standard","has-post-thumbnail","hentry","category-nacional"],"amp_enabled":true,"_links":{"self":[{"href":"https:\/\/lahora.mx\/index.php\/wp-json\/wp\/v2\/posts\/40761","targetHints":{"allow":["GET"]}}],"collection":[{"href":"https:\/\/lahora.mx\/index.php\/wp-json\/wp\/v2\/posts"}],"about":[{"href":"https:\/\/lahora.mx\/index.php\/wp-json\/wp\/v2\/types\/post"}],"author":[{"embeddable":true,"href":"https:\/\/lahora.mx\/index.php\/wp-json\/wp\/v2\/users\/4"}],"replies":[{"embeddable":true,"href":"https:\/\/lahora.mx\/index.php\/wp-json\/wp\/v2\/comments?post=40761"}],"version-history":[{"count":1,"href":"https:\/\/lahora.mx\/index.php\/wp-json\/wp\/v2\/posts\/40761\/revisions"}],"predecessor-version":[{"id":40763,"href":"https:\/\/lahora.mx\/index.php\/wp-json\/wp\/v2\/posts\/40761\/revisions\/40763"}],"wp:featuredmedia":[{"embeddable":true,"href":"https:\/\/lahora.mx\/index.php\/wp-json\/wp\/v2\/media\/40762"}],"wp:attachment":[{"href":"https:\/\/lahora.mx\/index.php\/wp-json\/wp\/v2\/media?parent=40761"}],"wp:term":[{"taxonomy":"category","embeddable":true,"href":"https:\/\/lahora.mx\/index.php\/wp-json\/wp\/v2\/categories?post=40761"},{"taxonomy":"post_tag","embeddable":true,"href":"https:\/\/lahora.mx\/index.php\/wp-json\/wp\/v2\/tags?post=40761"}],"curies":[{"name":"wp","href":"https:\/\/api.w.org\/{rel}","templated":true}]}}