{"id":40746,"date":"2024-01-30T15:57:39","date_gmt":"2024-01-30T15:57:39","guid":{"rendered":"http:\/\/lahora.mx\/?p=40746"},"modified":"2024-01-30T15:57:40","modified_gmt":"2024-01-30T15:57:40","slug":"andres-roemer-sale-de-la-carcel-en-israel","status":"publish","type":"post","link":"https:\/\/lahora.mx\/index.php\/2024\/01\/30\/andres-roemer-sale-de-la-carcel-en-israel\/","title":{"rendered":"Andr\u00e9s Roemer sale de la c\u00e1rcel en Israel"},"content":{"rendered":"\n<p>Autoridades de Israel concedieron la libertad a Andr\u00e9s Roemer, se\u00f1alado en M\u00e9xico de acoso, abuso y violaci\u00f3n sexual.<\/p>\n\n\n\n<p>Jueces determinaron que el escritor no es una persona peligrosa, por lo que podr\u00e1 continuar con el proceso penal en su contra en arresto domiciliario.<\/p>\n\n\n\n<p>De acuerdo con Radio F\u00f3rmula, el escritor sali\u00f3 de la c\u00e1rcel en diciembre.<br>Roemer dio a conocer una carta en la que se\u00f1ala que \u201cIsrael descubri\u00f3 mil falacias mexicanas y evalu\u00f3 a detalle que yo tengo de peligroso lo que un peluche conlleva\u201d.<\/p>\n\n\n\n<p>A\u00f1adi\u00f3 que \u201cfalta mucho a\u00fan\u201d, toda vez que \u201cla pol\u00edtica sigue estando por encima de la justicia\u201d.<\/p>\n\n\n\n<p>Adelant\u00f3 que durante su tiempo en la c\u00e1rcel escribi\u00f3 \u201csu ser y sentir\u201d que se transform\u00f3 en un libro pr\u00f3ximo a publicarse.<\/p>\n\n\n\n<p>Estos d\u00edas fuera de prisi\u00f3n he estado necesitado de silencio y resguardo\u2026 Estar fuera de la c\u00e1rcel en Medio Oriente, entre hebreo y \u00e1rabe\u2026 durante la guerra y siendo absolutamente inocente de barbaridades que se me han fabricado\u2026 es un sentimiento de gracia y hierofan\u00eda\u201d, expuso.<\/p>\n\n\n\n<p>Andr\u00e9s Roemer agradeci\u00f3 a familiares y amigos el apoyo recibido durante su estancia tras las rejas. \u201cLos amo, gratitud eterna\u201d, escribi\u00f3.<\/p>\n\n\n\n<p>El escritor y exdiplom\u00e1tico fue detenido en octubre pasado, despu\u00e9s de que el departamento internacional de la Fiscal\u00eda estatal israel\u00ed presentara al Tribunal de Distrito de Jerusal\u00e9n una petici\u00f3n para su extradici\u00f3n.<\/p>\n\n\n\n<p>Desde 2021, M\u00e9xico present\u00f3 a Israel un total de cinco solicitudes de extradici\u00f3n formales contra Roemer, acusado de abuso sexual agravado y violaci\u00f3n.<\/p>\n\n\n\n<p>En febrero de 2021, m\u00e1s de una decena de mujeres rompieron su silencio al acusar al escritor de abusos sexuales y comportamientos inapropiados, mientras que la agrupaci\u00f3n Periodistas Unidas Mexicanas (PUM) recopil\u00f3 m\u00e1s de 60 denuncias.<\/p>\n\n\n\n<p>En 2022, la Interpol emiti\u00f3 tambi\u00e9n una ficha roja para buscar y detener al diplom\u00e1tico, acusado de citar a sus presuntas v\u00edctimas en su casa con excusas laborales para despu\u00e9s realizar tocamientos e insinuaciones y, finalmente, ofrecerles dinero.<\/p>\n\n\n\n<p>Roemer fue embajador de M\u00e9xico ante la UNESCO y en 2016 fue destituido de su cargo tras no seguir la postura de su pa\u00eds y abstenerse en una resoluci\u00f3n presentada por pa\u00edses \u00e1rabes sobre la Explanada de las Mezquitas (Monte del Templo para los jud\u00edos), situada en Jerusal\u00e9n Este ocupado.<\/p>\n","protected":false},"excerpt":{"rendered":"<p>Autoridades de Israel concedieron la libertad a Andr\u00e9s Roemer, se\u00f1alado en M\u00e9xico de acoso, abuso y violaci\u00f3n sexual. Jueces determinaron que el escritor no es una persona peligrosa, por lo que podr\u00e1 continuar con el proceso penal en su contra en arresto domiciliario. De acuerdo con Radio F\u00f3rmula, el escritor sali\u00f3 de la c\u00e1rcel en [&hellip;]<\/p>\n","protected":false},"author":4,"featured_media":40747,"comment_status":"open","ping_status":"open","sticky":false,"template":"","format":"standard","meta":{"om_disable_all_campaigns":false,"_monsterinsights_skip_tracking":false,"_monsterinsights_sitenote_active":false,"_monsterinsights_sitenote_note":"","_monsterinsights_sitenote_category":0,"footnotes":""},"categories":[176],"tags":[],"class_list":["post-40746","post","type-post","status-publish","format-standard","has-post-thumbnail","hentry","category-nacional"],"amp_enabled":true,"_links":{"self":[{"href":"https:\/\/lahora.mx\/index.php\/wp-json\/wp\/v2\/posts\/40746","targetHints":{"allow":["GET"]}}],"collection":[{"href":"https:\/\/lahora.mx\/index.php\/wp-json\/wp\/v2\/posts"}],"about":[{"href":"https:\/\/lahora.mx\/index.php\/wp-json\/wp\/v2\/types\/post"}],"author":[{"embeddable":true,"href":"https:\/\/lahora.mx\/index.php\/wp-json\/wp\/v2\/users\/4"}],"replies":[{"embeddable":true,"href":"https:\/\/lahora.mx\/index.php\/wp-json\/wp\/v2\/comments?post=40746"}],"version-history":[{"count":1,"href":"https:\/\/lahora.mx\/index.php\/wp-json\/wp\/v2\/posts\/40746\/revisions"}],"predecessor-version":[{"id":40748,"href":"https:\/\/lahora.mx\/index.php\/wp-json\/wp\/v2\/posts\/40746\/revisions\/40748"}],"wp:featuredmedia":[{"embeddable":true,"href":"https:\/\/lahora.mx\/index.php\/wp-json\/wp\/v2\/media\/40747"}],"wp:attachment":[{"href":"https:\/\/lahora.mx\/index.php\/wp-json\/wp\/v2\/media?parent=40746"}],"wp:term":[{"taxonomy":"category","embeddable":true,"href":"https:\/\/lahora.mx\/index.php\/wp-json\/wp\/v2\/categories?post=40746"},{"taxonomy":"post_tag","embeddable":true,"href":"https:\/\/lahora.mx\/index.php\/wp-json\/wp\/v2\/tags?post=40746"}],"curies":[{"name":"wp","href":"https:\/\/api.w.org\/{rel}","templated":true}]}}