{"id":40695,"date":"2024-01-29T18:32:07","date_gmt":"2024-01-29T18:32:07","guid":{"rendered":"http:\/\/lahora.mx\/?p=40695"},"modified":"2024-01-29T18:32:07","modified_gmt":"2024-01-29T18:32:07","slug":"amlo-reconoce-hackeo-en-mananera","status":"publish","type":"post","link":"https:\/\/lahora.mx\/index.php\/2024\/01\/29\/amlo-reconoce-hackeo-en-mananera\/","title":{"rendered":"AMLO reconoce hackeo en ma\u00f1anera"},"content":{"rendered":"\n<p>Tras la filtraci\u00f3n de datos personales de aproximadamente 300 periodistas que cubren la conferencia matutina del presidente Andr\u00e9s Manuel L\u00f3pez Obrador, este reconoci\u00f3 que s\u00ed hubo un fallo en la seguridad cibern\u00e9tica de Palacio Nacional, pero dej\u00f3 entre ver que fue con fines de golpeteo pol\u00edtico y no contra la integridad de los reporteros y comunicadores.<\/p>\n\n\n\n<p>Asegur\u00f3 en su ma\u00f1anera que la tarde de este 29 de enero se entregar\u00e1 un informe detallado sobre lo sucedido, y que contrario a la idea que distintos medios opositores afirman \u2014nombrando directamente a Calor Loret de Mola, Joaqu\u00edn L\u00f3pez-D\u00f3riga, V\u00edctor Trujillo \u201cBrozo\u201d y Claudio X. Gonz\u00e1lez\u2014, ni \u00e9l ni su gobierno persiguen, censura o son dictadores.<\/p>\n\n\n\n<p>\u201cTodo aqu\u00ed se aclara, entonces se llevan los datos, gran esc\u00e1ndalo, \u00bfno? (\u2026) Nosotros tenemos que cuidar a todos los ciudadanos y a los periodistas, pero \u00bfpor qu\u00e9 ese hackeo? Para tratar de sembrar la idea de que nosotros perseguimos, censuramos, somos dictadores, es lo de todos: L\u00f3pez-D\u00f3riga, Brozo, Loret de Mola, y de Claudio X. Gonz\u00e1lez, y de todo el bloque conservador\u201d.<br>Mencion\u00f3 que, si bien s\u00ed es un riesgo para la integridad y seguridad de los periodistas que asisten a su rueda de prensa, primero se debe saber qui\u00e9n y por qu\u00e9 motivo se llev\u00f3 a cabo el hackeo. \u201cHay que buscar la forma, primero de saber qu\u00e9 fue lo que sucedi\u00f3, qui\u00e9n hacke\u00f3. Hoy se va a hacer un informe, se va a entregar, pero no tenemos nosotros ning\u00fan af\u00e1n autoritario (\u2026) s\u00ed, se cuidan los datos, pero los hackeos se dan (\u2026). S\u00ed fall\u00f3 la seguridad o fueron muy buenos dos hackeadores\u201d, sostuvo.<\/p>\n\n\n\n<p>Filtran datos de 300 periodistas asistentes a la ma\u00f1anera<br>El s\u00e1bado pasado se inform\u00f3 que datos personales de aproximadamente 300 periodistas que asisten o cubren la conferencia matutina de Palacio Nacional fueron filtradas ilegalmente en una plataforma web que dur\u00f3 habilitada unas cuantas horas.<\/p>\n\n\n\n<p>Copias de credenciales de elector con edad, nombre y domicilio, Claves \u00danicas de Registro de Poblaci\u00f3n (CURP), as\u00ed como correos electr\u00f3nicos y comprobantes de domicilio fueron algunos de los documentos y datos que hackers sustrajeron de Palacio Nacional.<br>De acuerdo con la plataforma Art\u00edculo 19, organizaci\u00f3n internacional de derechos humanos por la defensa de la libertad de expresi\u00f3n y el derecho a la informaci\u00f3n \u201cla filtraci\u00f3n vulnera no s\u00f3lo su dignidad e intimidad, sino su seguridad f\u00edsica. Es de particular preocupaci\u00f3n que la informaci\u00f3n filtrada sea de quienes atienden las \u2018ma\u00f1aneras\u2019, espacio donde periodistas han alertado sobre sus persecuciones y amenazas. En este contexto, la salvaguarda de sus datos personales es esencialmente una cuesti\u00f3n de protecci\u00f3n a su integridad f\u00edsica.\u201d<\/p>\n","protected":false},"excerpt":{"rendered":"<p>Tras la filtraci\u00f3n de datos personales de aproximadamente 300 periodistas que cubren la conferencia matutina del presidente Andr\u00e9s Manuel L\u00f3pez Obrador, este reconoci\u00f3 que s\u00ed hubo un fallo en la seguridad cibern\u00e9tica de Palacio Nacional, pero dej\u00f3 entre ver que fue con fines de golpeteo pol\u00edtico y no contra la integridad de los reporteros y [&hellip;]<\/p>\n","protected":false},"author":4,"featured_media":40696,"comment_status":"open","ping_status":"open","sticky":false,"template":"","format":"standard","meta":{"om_disable_all_campaigns":false,"_monsterinsights_skip_tracking":false,"_monsterinsights_sitenote_active":false,"_monsterinsights_sitenote_note":"","_monsterinsights_sitenote_category":0,"footnotes":""},"categories":[176],"tags":[195],"class_list":["post-40695","post","type-post","status-publish","format-standard","has-post-thumbnail","hentry","category-nacional","tag-principal"],"amp_enabled":true,"_links":{"self":[{"href":"https:\/\/lahora.mx\/index.php\/wp-json\/wp\/v2\/posts\/40695","targetHints":{"allow":["GET"]}}],"collection":[{"href":"https:\/\/lahora.mx\/index.php\/wp-json\/wp\/v2\/posts"}],"about":[{"href":"https:\/\/lahora.mx\/index.php\/wp-json\/wp\/v2\/types\/post"}],"author":[{"embeddable":true,"href":"https:\/\/lahora.mx\/index.php\/wp-json\/wp\/v2\/users\/4"}],"replies":[{"embeddable":true,"href":"https:\/\/lahora.mx\/index.php\/wp-json\/wp\/v2\/comments?post=40695"}],"version-history":[{"count":1,"href":"https:\/\/lahora.mx\/index.php\/wp-json\/wp\/v2\/posts\/40695\/revisions"}],"predecessor-version":[{"id":40697,"href":"https:\/\/lahora.mx\/index.php\/wp-json\/wp\/v2\/posts\/40695\/revisions\/40697"}],"wp:featuredmedia":[{"embeddable":true,"href":"https:\/\/lahora.mx\/index.php\/wp-json\/wp\/v2\/media\/40696"}],"wp:attachment":[{"href":"https:\/\/lahora.mx\/index.php\/wp-json\/wp\/v2\/media?parent=40695"}],"wp:term":[{"taxonomy":"category","embeddable":true,"href":"https:\/\/lahora.mx\/index.php\/wp-json\/wp\/v2\/categories?post=40695"},{"taxonomy":"post_tag","embeddable":true,"href":"https:\/\/lahora.mx\/index.php\/wp-json\/wp\/v2\/tags?post=40695"}],"curies":[{"name":"wp","href":"https:\/\/api.w.org\/{rel}","templated":true}]}}