{"id":40665,"date":"2024-01-29T01:52:07","date_gmt":"2024-01-29T01:52:07","guid":{"rendered":"http:\/\/lahora.mx\/?p=40665"},"modified":"2024-01-29T01:52:08","modified_gmt":"2024-01-29T01:52:08","slug":"exdirigente-del-pri-llega-a-equipo-de-mario-riestra","status":"publish","type":"post","link":"https:\/\/lahora.mx\/index.php\/2024\/01\/29\/exdirigente-del-pri-llega-a-equipo-de-mario-riestra\/","title":{"rendered":"Exdirigente del PRI llega a equipo de Mario Riestra"},"content":{"rendered":"\n<p>El expresidente del Comit\u00e9 Directivo Estatal (CDE) del Revolucionario Institucional (PRI), Pablo Fern\u00e1ndez del Campo, se sum\u00f3 al equipo pol\u00edtico del aspirante a la presidencia municipal del PAN, Mario Riestra Pi\u00f1a, de cara a la elecci\u00f3n del 2 de junio.<\/p>\n\n\n\n<p>El tambi\u00e9n diputado federal agradeci\u00f3 la disposici\u00f3n de su amigo para unir fuerzas en el pr\u00f3ximo proceso electoral, como abanderado de la coalici\u00f3n Mejor Rumbo para Puebla (PAN-PRI-PRD-PSI).<\/p>\n\n\n\n<p>Adem\u00e1s, reconoci\u00f3 que es un excelente servidor p\u00fablico y tiene una visi\u00f3n similar a la suya respecto a la necesidad de conservar el poder en la capital, a fin de mejorar la calidad de vida de los ciudadanos en el municipio.<\/p>\n\n\n\n<p>Tambi\u00e9n record\u00f3 que Fern\u00e1ndez del Campo tiene experiencia legislativa como presidente de la Mesa Directiva del Congreso de Puebla, y trabajo partidista, pues fungi\u00f3 como dirigente estatal del PRI.<\/p>\n\n\n\n<p>Record\u00f3 que, tal como anunci\u00f3 en rueda de prensa, su proyecto pol\u00edtico ser\u00e1 de puertas abiertas para aquellos cuadros que tengan \u201cganas de trabajar por la capital\u201d, inclusive si fueron militantes de izquierda.<\/p>\n\n\n\n<p>Hace una semana, el exregidor priista Iv\u00e1n Galindo Castillejos tambi\u00e9n se sum\u00f3 al equipo de trabajo de Mario Riestra Pi\u00f1a. Su decisi\u00f3n se concret\u00f3 tras su paso como operador pol\u00edtico en Morena.<\/p>\n\n\n\n<p>Galindo Castillejos fue colaborador del legislador federal Ignacio Mier Velazco, a quien apoy\u00f3 en su intento de ser el candidato de la 4T al gobierno del estado a trav\u00e9s de mantener la operatividad de su plataforma pol\u00edtica Instituto Mexicano para la Transformaci\u00f3n de la Vida P\u00fablica AC (Sumar para Transformar).<\/p>\n","protected":false},"excerpt":{"rendered":"<p>El expresidente del Comit\u00e9 Directivo Estatal (CDE) del Revolucionario Institucional (PRI), Pablo Fern\u00e1ndez del Campo, se sum\u00f3 al equipo pol\u00edtico del aspirante a la presidencia municipal del PAN, Mario Riestra Pi\u00f1a, de cara a la elecci\u00f3n del 2 de junio. El tambi\u00e9n diputado federal agradeci\u00f3 la disposici\u00f3n de su amigo para unir fuerzas en el [&hellip;]<\/p>\n","protected":false},"author":4,"featured_media":40666,"comment_status":"open","ping_status":"open","sticky":false,"template":"","format":"standard","meta":{"om_disable_all_campaigns":false,"_monsterinsights_skip_tracking":false,"_monsterinsights_sitenote_active":false,"_monsterinsights_sitenote_note":"","_monsterinsights_sitenote_category":0,"footnotes":""},"categories":[176,5],"tags":[128,223],"class_list":["post-40665","post","type-post","status-publish","format-standard","has-post-thumbnail","hentry","category-nacional","category-politica","tag-politics","tag-puebla"],"amp_enabled":true,"_links":{"self":[{"href":"https:\/\/lahora.mx\/index.php\/wp-json\/wp\/v2\/posts\/40665","targetHints":{"allow":["GET"]}}],"collection":[{"href":"https:\/\/lahora.mx\/index.php\/wp-json\/wp\/v2\/posts"}],"about":[{"href":"https:\/\/lahora.mx\/index.php\/wp-json\/wp\/v2\/types\/post"}],"author":[{"embeddable":true,"href":"https:\/\/lahora.mx\/index.php\/wp-json\/wp\/v2\/users\/4"}],"replies":[{"embeddable":true,"href":"https:\/\/lahora.mx\/index.php\/wp-json\/wp\/v2\/comments?post=40665"}],"version-history":[{"count":1,"href":"https:\/\/lahora.mx\/index.php\/wp-json\/wp\/v2\/posts\/40665\/revisions"}],"predecessor-version":[{"id":40667,"href":"https:\/\/lahora.mx\/index.php\/wp-json\/wp\/v2\/posts\/40665\/revisions\/40667"}],"wp:featuredmedia":[{"embeddable":true,"href":"https:\/\/lahora.mx\/index.php\/wp-json\/wp\/v2\/media\/40666"}],"wp:attachment":[{"href":"https:\/\/lahora.mx\/index.php\/wp-json\/wp\/v2\/media?parent=40665"}],"wp:term":[{"taxonomy":"category","embeddable":true,"href":"https:\/\/lahora.mx\/index.php\/wp-json\/wp\/v2\/categories?post=40665"},{"taxonomy":"post_tag","embeddable":true,"href":"https:\/\/lahora.mx\/index.php\/wp-json\/wp\/v2\/tags?post=40665"}],"curies":[{"name":"wp","href":"https:\/\/api.w.org\/{rel}","templated":true}]}}